{"id":16236,"date":"2019-06-26T07:37:25","date_gmt":"2019-06-26T05:37:25","guid":{"rendered":"https:\/\/hurba.fr\/?p=16236"},"modified":"2019-09-30T15:53:32","modified_gmt":"2019-09-30T13:53:32","slug":"hurba-eligible-a-competition-trophees-cadre-de-vie","status":"publish","type":"post","link":"https:\/\/hurba.fr\/fr\/2019\/06\/26\/hurba-eligible-a-competition-trophees-cadre-de-vie\/","title":{"rendered":"Hurba \u00e9ligible \u00e0 la comp\u00e9tition des Troph\u00e9es du cadre de vie"},"content":{"rendered":"<div class=\"wpb-content-wrapper\"><p>[vc_row css_animation=\u00a0\u00bb\u00a0\u00bb row_type=\u00a0\u00bbrow\u00a0\u00bb use_row_as_full_screen_section=\u00a0\u00bbno\u00a0\u00bb type=\u00a0\u00bbfull_width\u00a0\u00bb angled_section=\u00a0\u00bbno\u00a0\u00bb text_align=\u00a0\u00bbleft\u00a0\u00bb background_image_as_pattern=\u00a0\u00bbwithout_pattern\u00a0\u00bb][vc_column width=\u00a0\u00bb1\/2&Prime;][vc_column_text]<strong>Hurba \u00ab Premier cas de psychologie urbaine \u00bb est \u00e9ligible \u00e0 la comp\u00e9tition des Troph\u00e9es du cadre de vie qui se d\u00e9roulera en octobre prochain, \u00e0 Paris.<\/strong><\/p>\n<p>Depuis 23 ans, le festival <a href=\"https:\/\/www.fimbacte.com\/festival-fimbacte\/les-publications-du-festival_69\" target=\"_blank\" rel=\"noopener noreferrer\">Fimbacte<\/a>, plateforme de valorisation et d\u2019information des acteurs du Cadre de vie, a pour mission, chaque ann\u00e9e, de d\u00e9couvrir et de faire savoir les actions les plus embl\u00e9matiques contribuant \u00e0 am\u00e9liorer notre cadre de vie.<\/p>\n<p>Le festival, en chiffres : 23 \u00e9ditions, 1581 dossiers s\u00e9lectionn\u00e9s, 750 entit\u00e9s participantes\u2026[\/vc_column_text][\/vc_column][vc_column width=\u00a0\u00bb1\/2&Prime;][vc_single_image image=\u00a0\u00bb16624&Prime; img_size=\u00a0\u00bbfull\u00a0\u00bb qode_css_animation=\u00a0\u00bb\u00a0\u00bb][\/vc_column][\/vc_row]<\/p>\n<\/div>","protected":false},"excerpt":{"rendered":"<p>Hurba \u00ab Premier cas de psychologie urbaine \u00bb est \u00e9ligible \u00e0 la comp\u00e9tition des Troph\u00e9es du cadre de vie qui se d\u00e9roulera en octobre prochain, \u00e0 Paris .<\/p>\n","protected":false},"author":1,"featured_media":16624,"comment_status":"closed","ping_status":"closed","sticky":false,"template":"","format":"standard","meta":{"footnotes":""},"categories":[3],"tags":[],"class_list":["post-16236","post","type-post","status-publish","format-standard","has-post-thumbnail","hentry","category-actualites"],"yoast_head":"<!-- This site is optimized with the Yoast SEO Premium plugin v22.3 (Yoast SEO v27.4) - https:\/\/yoast.com\/product\/yoast-seo-premium-wordpress\/ -->\n<title>Hurba \u00e9ligible \u00e0 la comp\u00e9tition des Troph\u00e9es du cadre de vie - HURBA<\/title>\n<meta name=\"robots\" content=\"index, follow, max-snippet:-1, max-image-preview:large, max-video-preview:-1\" \/>\n<link rel=\"canonical\" href=\"https:\/\/hurba.fr\/fr\/2019\/06\/26\/hurba-eligible-a-competition-trophees-cadre-de-vie\/\" \/>\n<meta property=\"og:locale\" content=\"fr_FR\" \/>\n<meta property=\"og:type\" content=\"article\" \/>\n<meta property=\"og:title\" content=\"Hurba \u00e9ligible \u00e0 la comp\u00e9tition des Troph\u00e9es du cadre de vie\" \/>\n<meta property=\"og:description\" content=\"Hurba \u00ab Premier cas de psychologie urbaine \u00bb est \u00e9ligible \u00e0 la comp\u00e9tition des Troph\u00e9es du cadre de vie qui se d\u00e9roulera en octobre prochain, \u00e0 Paris .\" \/>\n<meta property=\"og:url\" content=\"https:\/\/hurba.fr\/fr\/2019\/06\/26\/hurba-eligible-a-competition-trophees-cadre-de-vie\/\" \/>\n<meta property=\"og:site_name\" content=\"HURBA\" \/>\n<meta property=\"article:published_time\" content=\"2019-06-26T05:37:25+00:00\" \/>\n<meta property=\"article:modified_time\" content=\"2019-09-30T13:53:32+00:00\" \/>\n<meta property=\"og:image\" content=\"https:\/\/hurba.fr\/wp-content\/uploads\/2019\/06\/fimbacte.jpg\" \/>\n\t<meta property=\"og:image:width\" content=\"800\" \/>\n\t<meta property=\"og:image:height\" content=\"400\" \/>\n\t<meta property=\"og:image:type\" content=\"image\/jpeg\" \/>\n<meta name=\"author\" content=\"olivier@ovm-communication.fr\" \/>\n<meta name=\"twitter:card\" content=\"summary_large_image\" \/>\n<meta name=\"twitter:label1\" content=\"\u00c9crit par\" \/>\n\t<meta name=\"twitter:data1\" content=\"olivier@ovm-communication.fr\" \/>\n\t<meta name=\"twitter:label2\" content=\"Dur\u00e9e de lecture estim\u00e9e\" \/>\n\t<meta name=\"twitter:data2\" content=\"1 minute\" \/>\n<script type=\"application\/ld+json\" class=\"yoast-schema-graph\">{\"@context\":\"https:\\\/\\\/schema.org\",\"@graph\":[{\"@type\":\"Article\",\"@id\":\"https:\\\/\\\/hurba.fr\\\/fr\\\/2019\\\/06\\\/26\\\/hurba-eligible-a-competition-trophees-cadre-de-vie\\\/#article\",\"isPartOf\":{\"@id\":\"https:\\\/\\\/hurba.fr\\\/fr\\\/2019\\\/06\\\/26\\\/hurba-eligible-a-competition-trophees-cadre-de-vie\\\/\"},\"author\":{\"name\":\"olivier@ovm-communication.fr\",\"@id\":\"https:\\\/\\\/hurba.fr\\\/en\\\/#\\\/schema\\\/person\\\/0d45517b0e6bbae9665e6d0e13b2d269\"},\"headline\":\"Hurba \u00e9ligible \u00e0 la comp\u00e9tition des Troph\u00e9es du cadre de vie\",\"datePublished\":\"2019-06-26T05:37:25+00:00\",\"dateModified\":\"2019-09-30T13:53:32+00:00\",\"mainEntityOfPage\":{\"@id\":\"https:\\\/\\\/hurba.fr\\\/fr\\\/2019\\\/06\\\/26\\\/hurba-eligible-a-competition-trophees-cadre-de-vie\\\/\"},\"wordCount\":150,\"image\":{\"@id\":\"https:\\\/\\\/hurba.fr\\\/fr\\\/2019\\\/06\\\/26\\\/hurba-eligible-a-competition-trophees-cadre-de-vie\\\/#primaryimage\"},\"thumbnailUrl\":\"https:\\\/\\\/hurba.fr\\\/wp-content\\\/uploads\\\/2019\\\/06\\\/fimbacte.jpg\",\"articleSection\":[\"Actualit\u00e9s\"],\"inLanguage\":\"fr-FR\"},{\"@type\":\"WebPage\",\"@id\":\"https:\\\/\\\/hurba.fr\\\/fr\\\/2019\\\/06\\\/26\\\/hurba-eligible-a-competition-trophees-cadre-de-vie\\\/\",\"url\":\"https:\\\/\\\/hurba.fr\\\/fr\\\/2019\\\/06\\\/26\\\/hurba-eligible-a-competition-trophees-cadre-de-vie\\\/\",\"name\":\"Hurba \u00e9ligible \u00e0 la comp\u00e9tition des Troph\u00e9es du cadre de vie - HURBA\",\"isPartOf\":{\"@id\":\"https:\\\/\\\/hurba.fr\\\/en\\\/#website\"},\"primaryImageOfPage\":{\"@id\":\"https:\\\/\\\/hurba.fr\\\/fr\\\/2019\\\/06\\\/26\\\/hurba-eligible-a-competition-trophees-cadre-de-vie\\\/#primaryimage\"},\"image\":{\"@id\":\"https:\\\/\\\/hurba.fr\\\/fr\\\/2019\\\/06\\\/26\\\/hurba-eligible-a-competition-trophees-cadre-de-vie\\\/#primaryimage\"},\"thumbnailUrl\":\"https:\\\/\\\/hurba.fr\\\/wp-content\\\/uploads\\\/2019\\\/06\\\/fimbacte.jpg\",\"datePublished\":\"2019-06-26T05:37:25+00:00\",\"dateModified\":\"2019-09-30T13:53:32+00:00\",\"author\":{\"@id\":\"https:\\\/\\\/hurba.fr\\\/en\\\/#\\\/schema\\\/person\\\/0d45517b0e6bbae9665e6d0e13b2d269\"},\"breadcrumb\":{\"@id\":\"https:\\\/\\\/hurba.fr\\\/fr\\\/2019\\\/06\\\/26\\\/hurba-eligible-a-competition-trophees-cadre-de-vie\\\/#breadcrumb\"},\"inLanguage\":\"fr-FR\",\"potentialAction\":[{\"@type\":\"ReadAction\",\"target\":[\"https:\\\/\\\/hurba.fr\\\/fr\\\/2019\\\/06\\\/26\\\/hurba-eligible-a-competition-trophees-cadre-de-vie\\\/\"]}]},{\"@type\":\"ImageObject\",\"inLanguage\":\"fr-FR\",\"@id\":\"https:\\\/\\\/hurba.fr\\\/fr\\\/2019\\\/06\\\/26\\\/hurba-eligible-a-competition-trophees-cadre-de-vie\\\/#primaryimage\",\"url\":\"https:\\\/\\\/hurba.fr\\\/wp-content\\\/uploads\\\/2019\\\/06\\\/fimbacte.jpg\",\"contentUrl\":\"https:\\\/\\\/hurba.fr\\\/wp-content\\\/uploads\\\/2019\\\/06\\\/fimbacte.jpg\",\"width\":800,\"height\":400},{\"@type\":\"BreadcrumbList\",\"@id\":\"https:\\\/\\\/hurba.fr\\\/fr\\\/2019\\\/06\\\/26\\\/hurba-eligible-a-competition-trophees-cadre-de-vie\\\/#breadcrumb\",\"itemListElement\":[{\"@type\":\"ListItem\",\"position\":1,\"name\":\"Home\",\"item\":\"https:\\\/\\\/hurba.fr\\\/fr\\\/\"},{\"@type\":\"ListItem\",\"position\":2,\"name\":\"Hurba \u00e9ligible \u00e0 la comp\u00e9tition des Troph\u00e9es du cadre de vie\"}]},{\"@type\":\"WebSite\",\"@id\":\"https:\\\/\\\/hurba.fr\\\/en\\\/#website\",\"url\":\"https:\\\/\\\/hurba.fr\\\/en\\\/\",\"name\":\"HURBA\",\"description\":\"Psychologie urbaine\",\"potentialAction\":[{\"@type\":\"SearchAction\",\"target\":{\"@type\":\"EntryPoint\",\"urlTemplate\":\"https:\\\/\\\/hurba.fr\\\/en\\\/?s={search_term_string}\"},\"query-input\":{\"@type\":\"PropertyValueSpecification\",\"valueRequired\":true,\"valueName\":\"search_term_string\"}}],\"inLanguage\":\"fr-FR\"},{\"@type\":\"Person\",\"@id\":\"https:\\\/\\\/hurba.fr\\\/en\\\/#\\\/schema\\\/person\\\/0d45517b0e6bbae9665e6d0e13b2d269\",\"name\":\"olivier@ovm-communication.fr\"}]}<\/script>\n<!-- \/ Yoast SEO Premium plugin. -->","yoast_head_json":{"title":"Hurba \u00e9ligible \u00e0 la comp\u00e9tition des Troph\u00e9es du cadre de vie - HURBA","robots":{"index":"index","follow":"follow","max-snippet":"max-snippet:-1","max-image-preview":"max-image-preview:large","max-video-preview":"max-video-preview:-1"},"canonical":"https:\/\/hurba.fr\/fr\/2019\/06\/26\/hurba-eligible-a-competition-trophees-cadre-de-vie\/","og_locale":"fr_FR","og_type":"article","og_title":"Hurba \u00e9ligible \u00e0 la comp\u00e9tition des Troph\u00e9es du cadre de vie","og_description":"Hurba \u00ab Premier cas de psychologie urbaine \u00bb est \u00e9ligible \u00e0 la comp\u00e9tition des Troph\u00e9es du cadre de vie qui se d\u00e9roulera en octobre prochain, \u00e0 Paris .","og_url":"https:\/\/hurba.fr\/fr\/2019\/06\/26\/hurba-eligible-a-competition-trophees-cadre-de-vie\/","og_site_name":"HURBA","article_published_time":"2019-06-26T05:37:25+00:00","article_modified_time":"2019-09-30T13:53:32+00:00","og_image":[{"width":800,"height":400,"url":"https:\/\/hurba.fr\/wp-content\/uploads\/2019\/06\/fimbacte.jpg","type":"image\/jpeg"}],"author":"olivier@ovm-communication.fr","twitter_card":"summary_large_image","twitter_misc":{"\u00c9crit par":"olivier@ovm-communication.fr","Dur\u00e9e de lecture estim\u00e9e":"1 minute"},"schema":{"@context":"https:\/\/schema.org","@graph":[{"@type":"Article","@id":"https:\/\/hurba.fr\/fr\/2019\/06\/26\/hurba-eligible-a-competition-trophees-cadre-de-vie\/#article","isPartOf":{"@id":"https:\/\/hurba.fr\/fr\/2019\/06\/26\/hurba-eligible-a-competition-trophees-cadre-de-vie\/"},"author":{"name":"olivier@ovm-communication.fr","@id":"https:\/\/hurba.fr\/en\/#\/schema\/person\/0d45517b0e6bbae9665e6d0e13b2d269"},"headline":"Hurba \u00e9ligible \u00e0 la comp\u00e9tition des Troph\u00e9es du cadre de vie","datePublished":"2019-06-26T05:37:25+00:00","dateModified":"2019-09-30T13:53:32+00:00","mainEntityOfPage":{"@id":"https:\/\/hurba.fr\/fr\/2019\/06\/26\/hurba-eligible-a-competition-trophees-cadre-de-vie\/"},"wordCount":150,"image":{"@id":"https:\/\/hurba.fr\/fr\/2019\/06\/26\/hurba-eligible-a-competition-trophees-cadre-de-vie\/#primaryimage"},"thumbnailUrl":"https:\/\/hurba.fr\/wp-content\/uploads\/2019\/06\/fimbacte.jpg","articleSection":["Actualit\u00e9s"],"inLanguage":"fr-FR"},{"@type":"WebPage","@id":"https:\/\/hurba.fr\/fr\/2019\/06\/26\/hurba-eligible-a-competition-trophees-cadre-de-vie\/","url":"https:\/\/hurba.fr\/fr\/2019\/06\/26\/hurba-eligible-a-competition-trophees-cadre-de-vie\/","name":"Hurba \u00e9ligible \u00e0 la comp\u00e9tition des Troph\u00e9es du cadre de vie - HURBA","isPartOf":{"@id":"https:\/\/hurba.fr\/en\/#website"},"primaryImageOfPage":{"@id":"https:\/\/hurba.fr\/fr\/2019\/06\/26\/hurba-eligible-a-competition-trophees-cadre-de-vie\/#primaryimage"},"image":{"@id":"https:\/\/hurba.fr\/fr\/2019\/06\/26\/hurba-eligible-a-competition-trophees-cadre-de-vie\/#primaryimage"},"thumbnailUrl":"https:\/\/hurba.fr\/wp-content\/uploads\/2019\/06\/fimbacte.jpg","datePublished":"2019-06-26T05:37:25+00:00","dateModified":"2019-09-30T13:53:32+00:00","author":{"@id":"https:\/\/hurba.fr\/en\/#\/schema\/person\/0d45517b0e6bbae9665e6d0e13b2d269"},"breadcrumb":{"@id":"https:\/\/hurba.fr\/fr\/2019\/06\/26\/hurba-eligible-a-competition-trophees-cadre-de-vie\/#breadcrumb"},"inLanguage":"fr-FR","potentialAction":[{"@type":"ReadAction","target":["https:\/\/hurba.fr\/fr\/2019\/06\/26\/hurba-eligible-a-competition-trophees-cadre-de-vie\/"]}]},{"@type":"ImageObject","inLanguage":"fr-FR","@id":"https:\/\/hurba.fr\/fr\/2019\/06\/26\/hurba-eligible-a-competition-trophees-cadre-de-vie\/#primaryimage","url":"https:\/\/hurba.fr\/wp-content\/uploads\/2019\/06\/fimbacte.jpg","contentUrl":"https:\/\/hurba.fr\/wp-content\/uploads\/2019\/06\/fimbacte.jpg","width":800,"height":400},{"@type":"BreadcrumbList","@id":"https:\/\/hurba.fr\/fr\/2019\/06\/26\/hurba-eligible-a-competition-trophees-cadre-de-vie\/#breadcrumb","itemListElement":[{"@type":"ListItem","position":1,"name":"Home","item":"https:\/\/hurba.fr\/fr\/"},{"@type":"ListItem","position":2,"name":"Hurba \u00e9ligible \u00e0 la comp\u00e9tition des Troph\u00e9es du cadre de vie"}]},{"@type":"WebSite","@id":"https:\/\/hurba.fr\/en\/#website","url":"https:\/\/hurba.fr\/en\/","name":"HURBA","description":"Psychologie urbaine","potentialAction":[{"@type":"SearchAction","target":{"@type":"EntryPoint","urlTemplate":"https:\/\/hurba.fr\/en\/?s={search_term_string}"},"query-input":{"@type":"PropertyValueSpecification","valueRequired":true,"valueName":"search_term_string"}}],"inLanguage":"fr-FR"},{"@type":"Person","@id":"https:\/\/hurba.fr\/en\/#\/schema\/person\/0d45517b0e6bbae9665e6d0e13b2d269","name":"olivier@ovm-communication.fr"}]}},"_links":{"self":[{"href":"https:\/\/hurba.fr\/fr\/wp-json\/wp\/v2\/posts\/16236","targetHints":{"allow":["GET"]}}],"collection":[{"href":"https:\/\/hurba.fr\/fr\/wp-json\/wp\/v2\/posts"}],"about":[{"href":"https:\/\/hurba.fr\/fr\/wp-json\/wp\/v2\/types\/post"}],"author":[{"embeddable":true,"href":"https:\/\/hurba.fr\/fr\/wp-json\/wp\/v2\/users\/1"}],"replies":[{"embeddable":true,"href":"https:\/\/hurba.fr\/fr\/wp-json\/wp\/v2\/comments?post=16236"}],"version-history":[{"count":0,"href":"https:\/\/hurba.fr\/fr\/wp-json\/wp\/v2\/posts\/16236\/revisions"}],"wp:featuredmedia":[{"embeddable":true,"href":"https:\/\/hurba.fr\/fr\/wp-json\/wp\/v2\/media\/16624"}],"wp:attachment":[{"href":"https:\/\/hurba.fr\/fr\/wp-json\/wp\/v2\/media?parent=16236"}],"wp:term":[{"taxonomy":"category","embeddable":true,"href":"https:\/\/hurba.fr\/fr\/wp-json\/wp\/v2\/categories?post=16236"},{"taxonomy":"post_tag","embeddable":true,"href":"https:\/\/hurba.fr\/fr\/wp-json\/wp\/v2\/tags?post=16236"}],"curies":[{"name":"wp","href":"https:\/\/api.w.org\/{rel}","templated":true}]}}