{"id":16757,"date":"2019-11-12T11:15:18","date_gmt":"2019-11-12T10:15:18","guid":{"rendered":"https:\/\/hurba.fr\/?p=16757"},"modified":"2019-11-12T11:16:36","modified_gmt":"2019-11-12T10:16:36","slug":"hurba-participe-a-lappel-doffre-lance-par-la-ville-du-precheur-en-martinique","status":"publish","type":"post","link":"https:\/\/hurba.fr\/fr\/2019\/11\/12\/hurba-participe-a-lappel-doffre-lance-par-la-ville-du-precheur-en-martinique\/","title":{"rendered":"Hurba participe \u00e0 l\u2019appel d\u2019offre lanc\u00e9 par la ville du Pr\u00eacheur en Martinique."},"content":{"rendered":"<div class=\"wpb-content-wrapper\"><p>[vc_row css_animation=\u00a0\u00bb\u00a0\u00bb row_type=\u00a0\u00bbrow\u00a0\u00bb use_row_as_full_screen_section=\u00a0\u00bbno\u00a0\u00bb type=\u00a0\u00bbfull_width\u00a0\u00bb angled_section=\u00a0\u00bbno\u00a0\u00bb text_align=\u00a0\u00bbleft\u00a0\u00bb background_image_as_pattern=\u00a0\u00bbwithout_pattern\u00a0\u00bb][vc_column width=\u00a0\u00bb1\/2&Prime;][vc_column_text]Nous participons \u00e0 l\u2019appel d\u2019offre lanc\u00e9 par la ville du Pr\u00eacheur en Martinique. Aujourd\u2019hui en zone de risques majeurs <em>(forte houle, \u00e9rosion c\u00f4ti\u00e8re, lahar)<\/em>, le projet consiste en la relocalisation du futur bourg de la ville qui repr\u00e9sente une population de 300 habitants.<\/p>\n<p>Nous y \u00e9tions donc la semaine derni\u00e8re afin de d\u00e9couvrir le site et ses particularit\u00e9s. L&rsquo;info est rediffus\u00e9e sur la cha\u00eene TV 1\u00e8re Outre-mer au JT de la Martinique du 03 novembre 2019.[\/vc_column_text][\/vc_column][vc_column width=\u00a0\u00bb1\/2&Prime;][vc_video link=\u00a0\u00bbhttps:\/\/youtu.be\/vBTdczKzICg\u00a0\u00bb][\/vc_column][\/vc_row]<\/p>\n<\/div>","protected":false},"excerpt":{"rendered":"<p>Hurba participe \u00e0 l\u2019appel d\u2019offre lanc\u00e9 par la ville du Pr\u00eacheur en Martinique&#8230;<\/p>\n","protected":false},"author":1,"featured_media":16759,"comment_status":"closed","ping_status":"closed","sticky":false,"template":"","format":"standard","meta":{"footnotes":""},"categories":[3],"tags":[],"class_list":["post-16757","post","type-post","status-publish","format-standard","has-post-thumbnail","hentry","category-actualites"],"yoast_head":"<!-- This site is optimized with the Yoast SEO Premium plugin v22.3 (Yoast SEO v27.4) - https:\/\/yoast.com\/product\/yoast-seo-premium-wordpress\/ -->\n<title>Hurba participe \u00e0 l\u2019appel d\u2019offre lanc\u00e9 par la ville du Pr\u00eacheur en Martinique. - HURBA<\/title>\n<meta name=\"description\" content=\"Nous participons \u00e0 l\u2019appel d\u2019offre lanc\u00e9 par la ville du Pr\u00eacheur en Martinique. Aujourd\u2019hui en zone de risques majeurs (forte houle, \u00e9rosion c\u00f4ti\u00e8re, lahar), le projet consiste en la relocalisation du futur bourg de la ville qui repr\u00e9sente une population de 300 habitants. Nous y \u00e9tions donc la semaine derni\u00e8re afin de d\u00e9couvrir le site et ses particularit\u00e9s.L&#039;info est rediffus\u00e9e sur la cha\u00eene TV 1\u00e8re Outre-mer au JT de la Martinique du 03 novembre 2019.\" \/>\n<meta name=\"robots\" content=\"index, follow, max-snippet:-1, max-image-preview:large, max-video-preview:-1\" \/>\n<link rel=\"canonical\" href=\"https:\/\/hurba.fr\/fr\/2019\/11\/12\/hurba-participe-a-lappel-doffre-lance-par-la-ville-du-precheur-en-martinique\/\" \/>\n<meta property=\"og:locale\" content=\"fr_FR\" \/>\n<meta property=\"og:type\" content=\"article\" \/>\n<meta property=\"og:title\" content=\"Hurba participe \u00e0 l\u2019appel d\u2019offre lanc\u00e9 par la ville du Pr\u00eacheur en Martinique.\" \/>\n<meta property=\"og:description\" content=\"Nous participons \u00e0 l\u2019appel d\u2019offre lanc\u00e9 par la ville du Pr\u00eacheur en Martinique. Aujourd\u2019hui en zone de risques majeurs (forte houle, \u00e9rosion c\u00f4ti\u00e8re, lahar), le projet consiste en la relocalisation du futur bourg de la ville qui repr\u00e9sente une population de 300 habitants. Nous y \u00e9tions donc la semaine derni\u00e8re afin de d\u00e9couvrir le site et ses particularit\u00e9s.L&#039;info est rediffus\u00e9e sur la cha\u00eene TV 1\u00e8re Outre-mer au JT de la Martinique du 03 novembre 2019.\" \/>\n<meta property=\"og:url\" content=\"https:\/\/hurba.fr\/fr\/2019\/11\/12\/hurba-participe-a-lappel-doffre-lance-par-la-ville-du-precheur-en-martinique\/\" \/>\n<meta property=\"og:site_name\" content=\"HURBA\" \/>\n<meta property=\"article:published_time\" content=\"2019-11-12T10:15:18+00:00\" \/>\n<meta property=\"article:modified_time\" content=\"2019-11-12T10:16:36+00:00\" \/>\n<meta property=\"og:image\" content=\"https:\/\/hurba.fr\/wp-content\/uploads\/2019\/11\/Martinique.jpg\" \/>\n\t<meta property=\"og:image:width\" content=\"800\" \/>\n\t<meta property=\"og:image:height\" content=\"400\" \/>\n\t<meta property=\"og:image:type\" content=\"image\/jpeg\" \/>\n<meta name=\"author\" content=\"olivier@ovm-communication.fr\" \/>\n<meta name=\"twitter:card\" content=\"summary_large_image\" \/>\n<meta name=\"twitter:label1\" content=\"\u00c9crit par\" \/>\n\t<meta name=\"twitter:data1\" content=\"olivier@ovm-communication.fr\" \/>\n\t<meta name=\"twitter:label2\" content=\"Dur\u00e9e de lecture estim\u00e9e\" \/>\n\t<meta name=\"twitter:data2\" content=\"1 minute\" \/>\n<script type=\"application\/ld+json\" class=\"yoast-schema-graph\">{\"@context\":\"https:\\\/\\\/schema.org\",\"@graph\":[{\"@type\":\"Article\",\"@id\":\"https:\\\/\\\/hurba.fr\\\/fr\\\/2019\\\/11\\\/12\\\/hurba-participe-a-lappel-doffre-lance-par-la-ville-du-precheur-en-martinique\\\/#article\",\"isPartOf\":{\"@id\":\"https:\\\/\\\/hurba.fr\\\/fr\\\/2019\\\/11\\\/12\\\/hurba-participe-a-lappel-doffre-lance-par-la-ville-du-precheur-en-martinique\\\/\"},\"author\":{\"name\":\"olivier@ovm-communication.fr\",\"@id\":\"https:\\\/\\\/hurba.fr\\\/en\\\/#\\\/schema\\\/person\\\/0d45517b0e6bbae9665e6d0e13b2d269\"},\"headline\":\"Hurba participe \u00e0 l\u2019appel d\u2019offre lanc\u00e9 par la ville du Pr\u00eacheur en Martinique.\",\"datePublished\":\"2019-11-12T10:15:18+00:00\",\"dateModified\":\"2019-11-12T10:16:36+00:00\",\"mainEntityOfPage\":{\"@id\":\"https:\\\/\\\/hurba.fr\\\/fr\\\/2019\\\/11\\\/12\\\/hurba-participe-a-lappel-doffre-lance-par-la-ville-du-precheur-en-martinique\\\/\"},\"wordCount\":154,\"image\":{\"@id\":\"https:\\\/\\\/hurba.fr\\\/fr\\\/2019\\\/11\\\/12\\\/hurba-participe-a-lappel-doffre-lance-par-la-ville-du-precheur-en-martinique\\\/#primaryimage\"},\"thumbnailUrl\":\"https:\\\/\\\/hurba.fr\\\/wp-content\\\/uploads\\\/2019\\\/11\\\/Martinique.jpg\",\"articleSection\":[\"Actualit\u00e9s\"],\"inLanguage\":\"fr-FR\"},{\"@type\":\"WebPage\",\"@id\":\"https:\\\/\\\/hurba.fr\\\/fr\\\/2019\\\/11\\\/12\\\/hurba-participe-a-lappel-doffre-lance-par-la-ville-du-precheur-en-martinique\\\/\",\"url\":\"https:\\\/\\\/hurba.fr\\\/fr\\\/2019\\\/11\\\/12\\\/hurba-participe-a-lappel-doffre-lance-par-la-ville-du-precheur-en-martinique\\\/\",\"name\":\"Hurba participe \u00e0 l\u2019appel d\u2019offre lanc\u00e9 par la ville du Pr\u00eacheur en Martinique. - HURBA\",\"isPartOf\":{\"@id\":\"https:\\\/\\\/hurba.fr\\\/en\\\/#website\"},\"primaryImageOfPage\":{\"@id\":\"https:\\\/\\\/hurba.fr\\\/fr\\\/2019\\\/11\\\/12\\\/hurba-participe-a-lappel-doffre-lance-par-la-ville-du-precheur-en-martinique\\\/#primaryimage\"},\"image\":{\"@id\":\"https:\\\/\\\/hurba.fr\\\/fr\\\/2019\\\/11\\\/12\\\/hurba-participe-a-lappel-doffre-lance-par-la-ville-du-precheur-en-martinique\\\/#primaryimage\"},\"thumbnailUrl\":\"https:\\\/\\\/hurba.fr\\\/wp-content\\\/uploads\\\/2019\\\/11\\\/Martinique.jpg\",\"datePublished\":\"2019-11-12T10:15:18+00:00\",\"dateModified\":\"2019-11-12T10:16:36+00:00\",\"author\":{\"@id\":\"https:\\\/\\\/hurba.fr\\\/en\\\/#\\\/schema\\\/person\\\/0d45517b0e6bbae9665e6d0e13b2d269\"},\"description\":\"Nous participons \u00e0 l\u2019appel d\u2019offre lanc\u00e9 par la ville du Pr\u00eacheur en Martinique. Aujourd\u2019hui en zone de risques majeurs (forte houle, \u00e9rosion c\u00f4ti\u00e8re, lahar), le projet consiste en la relocalisation du futur bourg de la ville qui repr\u00e9sente une population de 300 habitants. Nous y \u00e9tions donc la semaine derni\u00e8re afin de d\u00e9couvrir le site et ses particularit\u00e9s.L'info est rediffus\u00e9e sur la cha\u00eene TV 1\u00e8re Outre-mer au JT de la Martinique du 03 novembre 2019.\",\"breadcrumb\":{\"@id\":\"https:\\\/\\\/hurba.fr\\\/fr\\\/2019\\\/11\\\/12\\\/hurba-participe-a-lappel-doffre-lance-par-la-ville-du-precheur-en-martinique\\\/#breadcrumb\"},\"inLanguage\":\"fr-FR\",\"potentialAction\":[{\"@type\":\"ReadAction\",\"target\":[\"https:\\\/\\\/hurba.fr\\\/fr\\\/2019\\\/11\\\/12\\\/hurba-participe-a-lappel-doffre-lance-par-la-ville-du-precheur-en-martinique\\\/\"]}]},{\"@type\":\"ImageObject\",\"inLanguage\":\"fr-FR\",\"@id\":\"https:\\\/\\\/hurba.fr\\\/fr\\\/2019\\\/11\\\/12\\\/hurba-participe-a-lappel-doffre-lance-par-la-ville-du-precheur-en-martinique\\\/#primaryimage\",\"url\":\"https:\\\/\\\/hurba.fr\\\/wp-content\\\/uploads\\\/2019\\\/11\\\/Martinique.jpg\",\"contentUrl\":\"https:\\\/\\\/hurba.fr\\\/wp-content\\\/uploads\\\/2019\\\/11\\\/Martinique.jpg\",\"width\":800,\"height\":400,\"caption\":\"Hurba martinique\"},{\"@type\":\"BreadcrumbList\",\"@id\":\"https:\\\/\\\/hurba.fr\\\/fr\\\/2019\\\/11\\\/12\\\/hurba-participe-a-lappel-doffre-lance-par-la-ville-du-precheur-en-martinique\\\/#breadcrumb\",\"itemListElement\":[{\"@type\":\"ListItem\",\"position\":1,\"name\":\"Home\",\"item\":\"https:\\\/\\\/hurba.fr\\\/fr\\\/\"},{\"@type\":\"ListItem\",\"position\":2,\"name\":\"Hurba participe \u00e0 l\u2019appel d\u2019offre lanc\u00e9 par la ville du Pr\u00eacheur en Martinique.\"}]},{\"@type\":\"WebSite\",\"@id\":\"https:\\\/\\\/hurba.fr\\\/en\\\/#website\",\"url\":\"https:\\\/\\\/hurba.fr\\\/en\\\/\",\"name\":\"HURBA\",\"description\":\"Psychologie urbaine\",\"potentialAction\":[{\"@type\":\"SearchAction\",\"target\":{\"@type\":\"EntryPoint\",\"urlTemplate\":\"https:\\\/\\\/hurba.fr\\\/en\\\/?s={search_term_string}\"},\"query-input\":{\"@type\":\"PropertyValueSpecification\",\"valueRequired\":true,\"valueName\":\"search_term_string\"}}],\"inLanguage\":\"fr-FR\"},{\"@type\":\"Person\",\"@id\":\"https:\\\/\\\/hurba.fr\\\/en\\\/#\\\/schema\\\/person\\\/0d45517b0e6bbae9665e6d0e13b2d269\",\"name\":\"olivier@ovm-communication.fr\"}]}<\/script>\n<!-- \/ Yoast SEO Premium plugin. -->","yoast_head_json":{"title":"Hurba participe \u00e0 l\u2019appel d\u2019offre lanc\u00e9 par la ville du Pr\u00eacheur en Martinique. - HURBA","description":"Nous participons \u00e0 l\u2019appel d\u2019offre lanc\u00e9 par la ville du Pr\u00eacheur en Martinique. Aujourd\u2019hui en zone de risques majeurs (forte houle, \u00e9rosion c\u00f4ti\u00e8re, lahar), le projet consiste en la relocalisation du futur bourg de la ville qui repr\u00e9sente une population de 300 habitants. Nous y \u00e9tions donc la semaine derni\u00e8re afin de d\u00e9couvrir le site et ses particularit\u00e9s.L'info est rediffus\u00e9e sur la cha\u00eene TV 1\u00e8re Outre-mer au JT de la Martinique du 03 novembre 2019.","robots":{"index":"index","follow":"follow","max-snippet":"max-snippet:-1","max-image-preview":"max-image-preview:large","max-video-preview":"max-video-preview:-1"},"canonical":"https:\/\/hurba.fr\/fr\/2019\/11\/12\/hurba-participe-a-lappel-doffre-lance-par-la-ville-du-precheur-en-martinique\/","og_locale":"fr_FR","og_type":"article","og_title":"Hurba participe \u00e0 l\u2019appel d\u2019offre lanc\u00e9 par la ville du Pr\u00eacheur en Martinique.","og_description":"Nous participons \u00e0 l\u2019appel d\u2019offre lanc\u00e9 par la ville du Pr\u00eacheur en Martinique. Aujourd\u2019hui en zone de risques majeurs (forte houle, \u00e9rosion c\u00f4ti\u00e8re, lahar), le projet consiste en la relocalisation du futur bourg de la ville qui repr\u00e9sente une population de 300 habitants. Nous y \u00e9tions donc la semaine derni\u00e8re afin de d\u00e9couvrir le site et ses particularit\u00e9s.L'info est rediffus\u00e9e sur la cha\u00eene TV 1\u00e8re Outre-mer au JT de la Martinique du 03 novembre 2019.","og_url":"https:\/\/hurba.fr\/fr\/2019\/11\/12\/hurba-participe-a-lappel-doffre-lance-par-la-ville-du-precheur-en-martinique\/","og_site_name":"HURBA","article_published_time":"2019-11-12T10:15:18+00:00","article_modified_time":"2019-11-12T10:16:36+00:00","og_image":[{"width":800,"height":400,"url":"https:\/\/hurba.fr\/wp-content\/uploads\/2019\/11\/Martinique.jpg","type":"image\/jpeg"}],"author":"olivier@ovm-communication.fr","twitter_card":"summary_large_image","twitter_misc":{"\u00c9crit par":"olivier@ovm-communication.fr","Dur\u00e9e de lecture estim\u00e9e":"1 minute"},"schema":{"@context":"https:\/\/schema.org","@graph":[{"@type":"Article","@id":"https:\/\/hurba.fr\/fr\/2019\/11\/12\/hurba-participe-a-lappel-doffre-lance-par-la-ville-du-precheur-en-martinique\/#article","isPartOf":{"@id":"https:\/\/hurba.fr\/fr\/2019\/11\/12\/hurba-participe-a-lappel-doffre-lance-par-la-ville-du-precheur-en-martinique\/"},"author":{"name":"olivier@ovm-communication.fr","@id":"https:\/\/hurba.fr\/en\/#\/schema\/person\/0d45517b0e6bbae9665e6d0e13b2d269"},"headline":"Hurba participe \u00e0 l\u2019appel d\u2019offre lanc\u00e9 par la ville du Pr\u00eacheur en Martinique.","datePublished":"2019-11-12T10:15:18+00:00","dateModified":"2019-11-12T10:16:36+00:00","mainEntityOfPage":{"@id":"https:\/\/hurba.fr\/fr\/2019\/11\/12\/hurba-participe-a-lappel-doffre-lance-par-la-ville-du-precheur-en-martinique\/"},"wordCount":154,"image":{"@id":"https:\/\/hurba.fr\/fr\/2019\/11\/12\/hurba-participe-a-lappel-doffre-lance-par-la-ville-du-precheur-en-martinique\/#primaryimage"},"thumbnailUrl":"https:\/\/hurba.fr\/wp-content\/uploads\/2019\/11\/Martinique.jpg","articleSection":["Actualit\u00e9s"],"inLanguage":"fr-FR"},{"@type":"WebPage","@id":"https:\/\/hurba.fr\/fr\/2019\/11\/12\/hurba-participe-a-lappel-doffre-lance-par-la-ville-du-precheur-en-martinique\/","url":"https:\/\/hurba.fr\/fr\/2019\/11\/12\/hurba-participe-a-lappel-doffre-lance-par-la-ville-du-precheur-en-martinique\/","name":"Hurba participe \u00e0 l\u2019appel d\u2019offre lanc\u00e9 par la ville du Pr\u00eacheur en Martinique. - HURBA","isPartOf":{"@id":"https:\/\/hurba.fr\/en\/#website"},"primaryImageOfPage":{"@id":"https:\/\/hurba.fr\/fr\/2019\/11\/12\/hurba-participe-a-lappel-doffre-lance-par-la-ville-du-precheur-en-martinique\/#primaryimage"},"image":{"@id":"https:\/\/hurba.fr\/fr\/2019\/11\/12\/hurba-participe-a-lappel-doffre-lance-par-la-ville-du-precheur-en-martinique\/#primaryimage"},"thumbnailUrl":"https:\/\/hurba.fr\/wp-content\/uploads\/2019\/11\/Martinique.jpg","datePublished":"2019-11-12T10:15:18+00:00","dateModified":"2019-11-12T10:16:36+00:00","author":{"@id":"https:\/\/hurba.fr\/en\/#\/schema\/person\/0d45517b0e6bbae9665e6d0e13b2d269"},"description":"Nous participons \u00e0 l\u2019appel d\u2019offre lanc\u00e9 par la ville du Pr\u00eacheur en Martinique. Aujourd\u2019hui en zone de risques majeurs (forte houle, \u00e9rosion c\u00f4ti\u00e8re, lahar), le projet consiste en la relocalisation du futur bourg de la ville qui repr\u00e9sente une population de 300 habitants. Nous y \u00e9tions donc la semaine derni\u00e8re afin de d\u00e9couvrir le site et ses particularit\u00e9s.L'info est rediffus\u00e9e sur la cha\u00eene TV 1\u00e8re Outre-mer au JT de la Martinique du 03 novembre 2019.","breadcrumb":{"@id":"https:\/\/hurba.fr\/fr\/2019\/11\/12\/hurba-participe-a-lappel-doffre-lance-par-la-ville-du-precheur-en-martinique\/#breadcrumb"},"inLanguage":"fr-FR","potentialAction":[{"@type":"ReadAction","target":["https:\/\/hurba.fr\/fr\/2019\/11\/12\/hurba-participe-a-lappel-doffre-lance-par-la-ville-du-precheur-en-martinique\/"]}]},{"@type":"ImageObject","inLanguage":"fr-FR","@id":"https:\/\/hurba.fr\/fr\/2019\/11\/12\/hurba-participe-a-lappel-doffre-lance-par-la-ville-du-precheur-en-martinique\/#primaryimage","url":"https:\/\/hurba.fr\/wp-content\/uploads\/2019\/11\/Martinique.jpg","contentUrl":"https:\/\/hurba.fr\/wp-content\/uploads\/2019\/11\/Martinique.jpg","width":800,"height":400,"caption":"Hurba martinique"},{"@type":"BreadcrumbList","@id":"https:\/\/hurba.fr\/fr\/2019\/11\/12\/hurba-participe-a-lappel-doffre-lance-par-la-ville-du-precheur-en-martinique\/#breadcrumb","itemListElement":[{"@type":"ListItem","position":1,"name":"Home","item":"https:\/\/hurba.fr\/fr\/"},{"@type":"ListItem","position":2,"name":"Hurba participe \u00e0 l\u2019appel d\u2019offre lanc\u00e9 par la ville du Pr\u00eacheur en Martinique."}]},{"@type":"WebSite","@id":"https:\/\/hurba.fr\/en\/#website","url":"https:\/\/hurba.fr\/en\/","name":"HURBA","description":"Psychologie urbaine","potentialAction":[{"@type":"SearchAction","target":{"@type":"EntryPoint","urlTemplate":"https:\/\/hurba.fr\/en\/?s={search_term_string}"},"query-input":{"@type":"PropertyValueSpecification","valueRequired":true,"valueName":"search_term_string"}}],"inLanguage":"fr-FR"},{"@type":"Person","@id":"https:\/\/hurba.fr\/en\/#\/schema\/person\/0d45517b0e6bbae9665e6d0e13b2d269","name":"olivier@ovm-communication.fr"}]}},"_links":{"self":[{"href":"https:\/\/hurba.fr\/fr\/wp-json\/wp\/v2\/posts\/16757","targetHints":{"allow":["GET"]}}],"collection":[{"href":"https:\/\/hurba.fr\/fr\/wp-json\/wp\/v2\/posts"}],"about":[{"href":"https:\/\/hurba.fr\/fr\/wp-json\/wp\/v2\/types\/post"}],"author":[{"embeddable":true,"href":"https:\/\/hurba.fr\/fr\/wp-json\/wp\/v2\/users\/1"}],"replies":[{"embeddable":true,"href":"https:\/\/hurba.fr\/fr\/wp-json\/wp\/v2\/comments?post=16757"}],"version-history":[{"count":0,"href":"https:\/\/hurba.fr\/fr\/wp-json\/wp\/v2\/posts\/16757\/revisions"}],"wp:featuredmedia":[{"embeddable":true,"href":"https:\/\/hurba.fr\/fr\/wp-json\/wp\/v2\/media\/16759"}],"wp:attachment":[{"href":"https:\/\/hurba.fr\/fr\/wp-json\/wp\/v2\/media?parent=16757"}],"wp:term":[{"taxonomy":"category","embeddable":true,"href":"https:\/\/hurba.fr\/fr\/wp-json\/wp\/v2\/categories?post=16757"},{"taxonomy":"post_tag","embeddable":true,"href":"https:\/\/hurba.fr\/fr\/wp-json\/wp\/v2\/tags?post=16757"}],"curies":[{"name":"wp","href":"https:\/\/api.w.org\/{rel}","templated":true}]}}