{"id":16764,"date":"2019-12-19T17:04:59","date_gmt":"2019-12-19T16:04:59","guid":{"rendered":"https:\/\/hurba.fr\/?p=16764"},"modified":"2019-12-19T17:04:59","modified_gmt":"2019-12-19T16:04:59","slug":"hurba-a-la-conference-la-participation-des-habitants-dans-les-projets-urbains","status":"publish","type":"post","link":"https:\/\/hurba.fr\/fr\/2019\/12\/19\/hurba-a-la-conference-la-participation-des-habitants-dans-les-projets-urbains\/","title":{"rendered":"Hurba \u00e0 la conf\u00e9rence \u00ab\u00a0La participation des habitants dans les projets urbains\u00a0\u00bb"},"content":{"rendered":"<div class=\"wpb-content-wrapper\"><p>[vc_row css_animation=\u00a0\u00bb\u00a0\u00bb row_type=\u00a0\u00bbrow\u00a0\u00bb use_row_as_full_screen_section=\u00a0\u00bbno\u00a0\u00bb type=\u00a0\u00bbfull_width\u00a0\u00bb angled_section=\u00a0\u00bbno\u00a0\u00bb text_align=\u00a0\u00bbleft\u00a0\u00bb background_image_as_pattern=\u00a0\u00bbwithout_pattern\u00a0\u00bb][vc_column width=\u00a0\u00bb1\/4&Prime;][\/vc_column][vc_column width=\u00a0\u00bb1\/2&Prime;][vc_column_text]VivaCit\u00e9S\u00a0Hauts-de-France,\u00a0R\u00e9seau r\u00e9gional pour l&rsquo;\u00e9ducation \u00e0 l&rsquo;environnement urbain,<\/p>\n<p>En partenariat avec l\u2019association des<br \/>\nUrbanistes des Hauts-de-France<\/p>\n<p>Vous propose :<\/p>\n<p>La Saint Urbain du jeudi 19 d\u00e9cembre 2019 18h30\/20h30<\/p>\n<p>La participation des habitants dans les projets urbains<\/p>\n<p><em>Avec<\/em><br \/>\nPropos introductifs<br \/>\nB\u00e9atrice Auxent Pr\u00e9sidente VivaCit\u00e9S Hauts-de-France<br \/>\nMyriam Cau Pr\u00e9sidente Urbanistes Hauts-de-France<\/p>\n<p><strong>T\u00e9moignages de :<\/strong><br \/>\nEmilie Henguelle, Vincent Dujardin, Yolande Windels, Collectif Gare d\u2019eau Lille Bois Blancs\/Lomme<br \/>\nAur\u00e9lie Top, Archiae<br \/>\nFran\u00e7ois-Xavier Cottigny, Cofluens<br \/>\nBarbara Attia, Hurba<\/p>\n<p>&nbsp;<\/p>\n<p><strong>Les interventions :<\/strong><\/p>\n<p>VivaCit\u00e9S Hauts-de-France<br \/>\nAssociation et r\u00e9seau cr\u00e9\u00e9s en 1998.<br \/>\nFaire se rencontrer des acteurs de la cit\u00e9 issus de champs diff\u00e9rents (culture, environnement, social, \u00e9conomie, \u00e9ducation), \u00e0 titre personnel ou professionnels, pour une approche globale de la ville, c\u2019est le leitmotiv de VivaCit\u00e9S Hauts-de-France, r\u00e9seau r\u00e9gional pour l\u2019\u00e9ducation \u00e0 l\u2019environnement urbain.<br \/>\nA VivaCit\u00e9S Hauts-de-France, on r\u00e9fl\u00e9chit, on donne du sens \u00e0 l\u2019agir, on met en perspective les actions, on aide \u00e0 la qualification de projets et d\u2019acteurs, on est une force d\u2019expertise et de proposition, on analyse la faisabilit\u00e9 de projets, on est rampe de lancement ! Tout cela dans une souplesse de fonctionnement.<br \/>\nhttps:\/\/vivacites-hauts-de-france.org\/<br \/>\nAction inspirante : les ateliers d\u2019urbanit\u00e9<\/p>\n<blockquote class=\"wp-embedded-content\" data-secret=\"xuEMrjFygr\"><p><a href=\"https:\/\/vivacites-hauts-de-france.org\/atelier-durbanite\/\">Ateliers d&rsquo;urbanit\u00e9<\/a><\/p><\/blockquote>\n<p><iframe loading=\"lazy\" class=\"wp-embedded-content\" sandbox=\"allow-scripts\" security=\"restricted\" style=\"position: absolute; visibility: hidden;\" title=\"\u00ab\u00a0Ateliers d&rsquo;urbanit\u00e9\u00a0\u00bb &#8212; Vivacit\u00e9s Hauts-de-France\" src=\"https:\/\/vivacites-hauts-de-france.org\/atelier-durbanite\/embed\/#?secret=HyDKE8OSku#?secret=xuEMrjFygr\" data-secret=\"xuEMrjFygr\" width=\"600\" height=\"338\" frameborder=\"0\" marginwidth=\"0\" marginheight=\"0\" scrolling=\"no\"><\/iframe><\/p>\n<p>&nbsp;<\/p>\n<p><strong>Les Urbanistes Hauts-de-France<\/strong><br \/>\nAssociation cr\u00e9e en 2005, l\u2019Association R\u00e9gionale des Urbanistes du Nord Pas-de-Calais Picardie (ARUNPP) puis Urbanistes des Hauts-de-France, est compos\u00e9e d\u2019urbanistes et d\u2019acteurs de la ville. Elle est membre du Conseil Fran\u00e7ais Des Urbanistes (CFDU).<br \/>\nL\u2019association promeut l\u2019urbanisme et l\u2019am\u00e9nagement dans une approche sociale et prospective. Elle suscite et anime les r\u00e9flexions sur l\u2019urbanisme et les pratiques de la profession. Elle constitue un cadre de dialogue, et un r\u00e9seau d\u2019\u00e9change et d\u2019enrichissement mutuel.<br \/>\nElle organise r\u00e9guli\u00e8rement des d\u00e9bats et des visites professionnelles, et participe aux manifestations qui lui permettent de faire rayonner l\u2019urbanisme et les urbanistes.<br \/>\nhttps:\/\/www.helloasso.com\/associations\/urbanistes-des-hauts-de-france-arunpp<br \/>\nhttp:\/\/arunpp.org\/<\/p>\n<p>&nbsp;<\/p>\n<p><strong>Collectif Gare d\u2019eau<\/strong><br \/>\nAu c\u0153ur du grand projet urbain (100 ha) des Rives de la Haute De\u00fble, entre Bois blancs et Marais \u00e0 Lille et Lomme : la gare d\u2019eau ! Un lieu magique \u00e0 enjeux urbain, social, et artistique ! Des habitants, des associations, des citoyens ont cr\u00e9\u00e9 le collectif de la gare d\u2019eau pour interpeller la MEL et les villes de Lille et Lomme. Ils ont mis en valeur leurs comp\u00e9tences, leur ma\u00eetrise d\u2019usage, pour une gare d\u2019eau populaire habit\u00e9e, anim\u00e9e, bio diverse et artistique!<br \/>\nSeront pr\u00e9sents : Emilie Henguelle de Lagared\u00f4, Vincent Dujardin de Transport Culturel Fluvial et Yolande Windels pour Autour d\u2019eaux.<br \/>\nhttps:\/\/www.facebook.com\/collectifgaredeau\/<br \/>\nAction inspirante : Week End Gare d\u2019eau<br \/>\nhttps:\/\/www.facebook.com\/events\/quai-de-louest-59000-lille-france\/weekend-gare-deau-2019-festival-dart-fluvestre-lille-lomme\/672047719967683\/<\/p>\n<p>&nbsp;<\/p>\n<p><strong>Agence Archiae<\/strong><br \/>\nArchitecture, urbanisme et participation<br \/>\nA la crois\u00e9e des pratiques de l\u2019architecture et de la concertation, la n\u00e9cessit\u00e9 de mener un travail en commun autour d\u2019une vision humaniste de la ville s\u2019est faite \u00e9vidence. Avec la volont\u00e9 de mettre en place un outil de travail transversal d\u2019analyse, d\u2019\u00e9tude et de conception du vivre ensemble de demain, s\u2019est constitu\u00e9e une \u00e9quipe pluridisciplinaire engag\u00e9e dans un processus de valorisation de la ma\u00eetrise d\u2019usage, de concert avec ma\u00eetrise d\u2019ouvrage et ma\u00eetrise d\u2019\u0153uvre.<br \/>\nCommencer par \u00e9couter pour pouvoir construire des espaces qui parlent aux gens. Ecouter le site, les gens qui y vivent, le client, pour proposer un vivre ensemble respectueux de tous et de chacun. Analyser les param\u00e8tres existants afin d\u2019en comprendre leur signification, d\u2019en donner une interpr\u00e9tation. Plus qu\u2019une simple aide \u00e0 la d\u00e9cision, la participation est l\u2019assurance pour un projet d\u2019\u00eatre connu, reconnu et de r\u00e9pondre ainsi aux attentes et \u00e0 la demande sociale.<br \/>\nhttp:\/\/www.archiae.fr\/<br \/>\nProjet inspirant : Ilot Parmentier, Lens, 62 Mission de concertation avec les habitants<br \/>\nhttp:\/\/www.archiae.fr\/?p=1804<\/p>\n<p>&nbsp;<\/p>\n<p><strong>SCIC Cofluens<\/strong><br \/>\nCatalyseur d\u2019\u00e9nergies citoyennes au service du d\u00e9veloppement des territoires.<br \/>\nPort\u00e9e par une cinquantaine d&rsquo;Hommes et de Femmes, CoFluens vise \u00e0 apporter des solutions concr\u00e8tes et efficaces \u00e0 des besoins complexes rest\u00e9s sans r\u00e9ponse en s&rsquo;appuyant sur toutes les parties prenantes d&rsquo;un territoire pour imaginer, cr\u00e9er et porter des solutions innovantes. CoFluens s\u2019appuie sur une m\u00e9thodologie qui tire profit de collaborations non naturelles liant des usagers, des chercheurs, des entreprises, des collectivit\u00e9s dans le but de d\u00e9finir et d\u00e9velopper de nouveaux produits, services, mod\u00e8les \u00e9conomiques.<br \/>\nhttps:\/\/www.cofluens.fr\/<br \/>\nProjet inspirant : Concevoir et r\u00e9aliser un \u00e9co-quartier dans la zone des Lauriers \u00e0 Wasquehal par le biais d&rsquo;intelligence collective.<br \/>\nhttps:\/\/www.facebook.com\/ecoquartierdeslauriers\/<\/p>\n<p>&nbsp;<\/p>\n<p><strong>Cabinet Hurba<\/strong><br \/>\nLa psychologie appliqu\u00e9e au bien-\u00eatre urbain<br \/>\nPremier cabinet de psychologie urbaine, Hurba intervient de fa\u00e7on sp\u00e9cifique dans l\u2019accompagnement des projets de requalification des lieux de vie, y compris lors de contextes sensibles. Le concept n\u00e9 \u00e0 la suite de rencontres professionnelles entre psychologues, architectes et urbanistes. Les fondateurs d\u2019Hurba souhaitent adapter les m\u00e9thodologies jusqu\u2019alors d\u00e9di\u00e9es aux interventions en entreprise \u00e0 la vie au quotidien dans un environnement urbain : r\u00e9v\u00e9ler, comprendre, analyser les besoins, les perceptions et les comportements des habitants et usagers des quartiers, villes et territoires en mouvement.<\/p>\n<blockquote class=\"wp-embedded-content\" data-secret=\"WGOngCwhdI\"><p><a href=\"https:\/\/hurba.fr\/fr\/\">Hurba<\/a><\/p><\/blockquote>\n<p><iframe loading=\"lazy\" class=\"wp-embedded-content\" sandbox=\"allow-scripts\" security=\"restricted\" style=\"position: absolute; visibility: hidden;\" title=\"\u00ab\u00a0Hurba\u00a0\u00bb &#8212; HURBA\" src=\"https:\/\/hurba.fr\/fr\/embed\/#?secret=Mk5rLFJ88o#?secret=WGOngCwhdI\" data-secret=\"WGOngCwhdI\" width=\"600\" height=\"338\" frameborder=\"0\" marginwidth=\"0\" marginheight=\"0\" scrolling=\"no\"><\/iframe><br \/>\nProjet inspirant : mission d\u2019assistance \u00e0 la conception urbaine pour un quartier inscrit en Nouveau Programme National de Renouvellement Urbain (NPNRU) de la ville de Calais<br \/>\nhttps:\/\/hurba.fr\/wp-content\/uploads\/2018\/08\/fiche_experience_hurba_calais.pdf<\/p>\n<p>Les pr\u00e9sentations seront accompagn\u00e9es de d\u00e9bat et suivies d\u2019un pot de l\u2019amiti\u00e9<\/p>\n<p>&nbsp;<\/p>\n<p><em>Voir aussi :<\/em><br \/>\nAgence Nationale de Psychanalyse Urbaine<br \/>\nLa psychanalyse urbaine consiste \u00e0 coucher les villes sur le divan, d\u00e9tecter les n\u00e9vroses urbaines et proposer des solutions th\u00e9rapeutiques ad\u00e9quates.<br \/>\nhttps:\/\/www.anpu.fr\/<br \/>\nLivre inspirant : La ville sur le divan \u2013 Laurent Petit \u2013 Editions La Contre All\u00e9e \u2013 2013.<\/p>\n<p>Horaire : 18h30-20h30 puis pot de l\u2019amiti\u00e9<\/p>\n<p>Lieu : au Living Lab de Capitale Mondiale du Design 2020, 10 Rue des Poissonceaux \u00e0 Lille<\/p>\n<p>PAF : gratuit. Inscriptions aupr\u00e8s de beatrice.auxent@nordnet.fr avant le 19 d\u00e9cembre \u00e0 8h00.[\/vc_column_text][\/vc_column][vc_column width=\u00a0\u00bb1\/4&Prime;][\/vc_column][\/vc_row]<\/p>\n<\/div>","protected":false},"excerpt":{"rendered":"<p>Hurba participe \u00e0 la conf\u00e9rence \u00ab\u00a0La participation des habitants dans les projets urbains\u00a0\u00bb<\/p>\n","protected":false},"author":1,"featured_media":16766,"comment_status":"closed","ping_status":"closed","sticky":false,"template":"","format":"standard","meta":{"footnotes":""},"categories":[3],"tags":[],"class_list":["post-16764","post","type-post","status-publish","format-standard","has-post-thumbnail","hentry","category-actualites"],"yoast_head":"<!-- This site is optimized with the Yoast SEO Premium plugin v22.3 (Yoast SEO v27.4) - https:\/\/yoast.com\/product\/yoast-seo-premium-wordpress\/ -->\n<title>Hurba \u00e0 la conf\u00e9rence &quot;La participation des habitants dans les projets urbains&quot; - HURBA<\/title>\n<meta name=\"description\" content=\"Conf\u00e9rence &quot;La participation des habitants dans les projets urbains&quot;\" \/>\n<meta name=\"robots\" content=\"index, follow, max-snippet:-1, max-image-preview:large, max-video-preview:-1\" \/>\n<link rel=\"canonical\" href=\"https:\/\/hurba.fr\/fr\/2019\/12\/19\/hurba-a-la-conference-la-participation-des-habitants-dans-les-projets-urbains\/\" \/>\n<meta property=\"og:locale\" content=\"fr_FR\" \/>\n<meta property=\"og:type\" content=\"article\" \/>\n<meta property=\"og:title\" content=\"Hurba \u00e0 la conf\u00e9rence &quot;La participation des habitants dans les projets urbains&quot;\" \/>\n<meta property=\"og:description\" content=\"Conf\u00e9rence &quot;La participation des habitants dans les projets urbains&quot;\" \/>\n<meta property=\"og:url\" content=\"https:\/\/hurba.fr\/fr\/2019\/12\/19\/hurba-a-la-conference-la-participation-des-habitants-dans-les-projets-urbains\/\" \/>\n<meta property=\"og:site_name\" content=\"HURBA\" \/>\n<meta property=\"article:published_time\" content=\"2019-12-19T16:04:59+00:00\" \/>\n<meta property=\"og:image\" content=\"https:\/\/hurba.fr\/wp-content\/uploads\/2019\/12\/image001.jpg\" \/>\n\t<meta property=\"og:image:width\" content=\"637\" \/>\n\t<meta property=\"og:image:height\" content=\"344\" \/>\n\t<meta property=\"og:image:type\" content=\"image\/jpeg\" \/>\n<meta name=\"author\" content=\"olivier@ovm-communication.fr\" \/>\n<meta name=\"twitter:card\" content=\"summary_large_image\" \/>\n<meta name=\"twitter:label1\" content=\"\u00c9crit par\" \/>\n\t<meta name=\"twitter:data1\" content=\"olivier@ovm-communication.fr\" \/>\n\t<meta name=\"twitter:label2\" content=\"Dur\u00e9e de lecture estim\u00e9e\" \/>\n\t<meta name=\"twitter:data2\" content=\"5 minutes\" \/>\n<script type=\"application\/ld+json\" class=\"yoast-schema-graph\">{\"@context\":\"https:\\\/\\\/schema.org\",\"@graph\":[{\"@type\":\"Article\",\"@id\":\"https:\\\/\\\/hurba.fr\\\/fr\\\/2019\\\/12\\\/19\\\/hurba-a-la-conference-la-participation-des-habitants-dans-les-projets-urbains\\\/#article\",\"isPartOf\":{\"@id\":\"https:\\\/\\\/hurba.fr\\\/fr\\\/2019\\\/12\\\/19\\\/hurba-a-la-conference-la-participation-des-habitants-dans-les-projets-urbains\\\/\"},\"author\":{\"name\":\"olivier@ovm-communication.fr\",\"@id\":\"https:\\\/\\\/hurba.fr\\\/en\\\/#\\\/schema\\\/person\\\/0d45517b0e6bbae9665e6d0e13b2d269\"},\"headline\":\"Hurba \u00e0 la conf\u00e9rence \u00ab\u00a0La participation des habitants dans les projets urbains\u00a0\u00bb\",\"datePublished\":\"2019-12-19T16:04:59+00:00\",\"mainEntityOfPage\":{\"@id\":\"https:\\\/\\\/hurba.fr\\\/fr\\\/2019\\\/12\\\/19\\\/hurba-a-la-conference-la-participation-des-habitants-dans-les-projets-urbains\\\/\"},\"wordCount\":1113,\"image\":{\"@id\":\"https:\\\/\\\/hurba.fr\\\/fr\\\/2019\\\/12\\\/19\\\/hurba-a-la-conference-la-participation-des-habitants-dans-les-projets-urbains\\\/#primaryimage\"},\"thumbnailUrl\":\"https:\\\/\\\/hurba.fr\\\/wp-content\\\/uploads\\\/2019\\\/12\\\/image001.jpg\",\"articleSection\":[\"Actualit\u00e9s\"],\"inLanguage\":\"fr-FR\"},{\"@type\":\"WebPage\",\"@id\":\"https:\\\/\\\/hurba.fr\\\/fr\\\/2019\\\/12\\\/19\\\/hurba-a-la-conference-la-participation-des-habitants-dans-les-projets-urbains\\\/\",\"url\":\"https:\\\/\\\/hurba.fr\\\/fr\\\/2019\\\/12\\\/19\\\/hurba-a-la-conference-la-participation-des-habitants-dans-les-projets-urbains\\\/\",\"name\":\"Hurba \u00e0 la conf\u00e9rence \\\"La participation des habitants dans les projets urbains\\\" - HURBA\",\"isPartOf\":{\"@id\":\"https:\\\/\\\/hurba.fr\\\/en\\\/#website\"},\"primaryImageOfPage\":{\"@id\":\"https:\\\/\\\/hurba.fr\\\/fr\\\/2019\\\/12\\\/19\\\/hurba-a-la-conference-la-participation-des-habitants-dans-les-projets-urbains\\\/#primaryimage\"},\"image\":{\"@id\":\"https:\\\/\\\/hurba.fr\\\/fr\\\/2019\\\/12\\\/19\\\/hurba-a-la-conference-la-participation-des-habitants-dans-les-projets-urbains\\\/#primaryimage\"},\"thumbnailUrl\":\"https:\\\/\\\/hurba.fr\\\/wp-content\\\/uploads\\\/2019\\\/12\\\/image001.jpg\",\"datePublished\":\"2019-12-19T16:04:59+00:00\",\"author\":{\"@id\":\"https:\\\/\\\/hurba.fr\\\/en\\\/#\\\/schema\\\/person\\\/0d45517b0e6bbae9665e6d0e13b2d269\"},\"description\":\"Conf\u00e9rence \\\"La participation des habitants dans les projets urbains\\\"\",\"breadcrumb\":{\"@id\":\"https:\\\/\\\/hurba.fr\\\/fr\\\/2019\\\/12\\\/19\\\/hurba-a-la-conference-la-participation-des-habitants-dans-les-projets-urbains\\\/#breadcrumb\"},\"inLanguage\":\"fr-FR\",\"potentialAction\":[{\"@type\":\"ReadAction\",\"target\":[\"https:\\\/\\\/hurba.fr\\\/fr\\\/2019\\\/12\\\/19\\\/hurba-a-la-conference-la-participation-des-habitants-dans-les-projets-urbains\\\/\"]}]},{\"@type\":\"ImageObject\",\"inLanguage\":\"fr-FR\",\"@id\":\"https:\\\/\\\/hurba.fr\\\/fr\\\/2019\\\/12\\\/19\\\/hurba-a-la-conference-la-participation-des-habitants-dans-les-projets-urbains\\\/#primaryimage\",\"url\":\"https:\\\/\\\/hurba.fr\\\/wp-content\\\/uploads\\\/2019\\\/12\\\/image001.jpg\",\"contentUrl\":\"https:\\\/\\\/hurba.fr\\\/wp-content\\\/uploads\\\/2019\\\/12\\\/image001.jpg\",\"width\":637,\"height\":344},{\"@type\":\"BreadcrumbList\",\"@id\":\"https:\\\/\\\/hurba.fr\\\/fr\\\/2019\\\/12\\\/19\\\/hurba-a-la-conference-la-participation-des-habitants-dans-les-projets-urbains\\\/#breadcrumb\",\"itemListElement\":[{\"@type\":\"ListItem\",\"position\":1,\"name\":\"Home\",\"item\":\"https:\\\/\\\/hurba.fr\\\/fr\\\/\"},{\"@type\":\"ListItem\",\"position\":2,\"name\":\"Hurba \u00e0 la conf\u00e9rence \u00ab\u00a0La participation des habitants dans les projets urbains\u00a0\u00bb\"}]},{\"@type\":\"WebSite\",\"@id\":\"https:\\\/\\\/hurba.fr\\\/en\\\/#website\",\"url\":\"https:\\\/\\\/hurba.fr\\\/en\\\/\",\"name\":\"HURBA\",\"description\":\"Psychologie urbaine\",\"potentialAction\":[{\"@type\":\"SearchAction\",\"target\":{\"@type\":\"EntryPoint\",\"urlTemplate\":\"https:\\\/\\\/hurba.fr\\\/en\\\/?s={search_term_string}\"},\"query-input\":{\"@type\":\"PropertyValueSpecification\",\"valueRequired\":true,\"valueName\":\"search_term_string\"}}],\"inLanguage\":\"fr-FR\"},{\"@type\":\"Person\",\"@id\":\"https:\\\/\\\/hurba.fr\\\/en\\\/#\\\/schema\\\/person\\\/0d45517b0e6bbae9665e6d0e13b2d269\",\"name\":\"olivier@ovm-communication.fr\"}]}<\/script>\n<!-- \/ Yoast SEO Premium plugin. -->","yoast_head_json":{"title":"Hurba \u00e0 la conf\u00e9rence \"La participation des habitants dans les projets urbains\" - HURBA","description":"Conf\u00e9rence \"La participation des habitants dans les projets urbains\"","robots":{"index":"index","follow":"follow","max-snippet":"max-snippet:-1","max-image-preview":"max-image-preview:large","max-video-preview":"max-video-preview:-1"},"canonical":"https:\/\/hurba.fr\/fr\/2019\/12\/19\/hurba-a-la-conference-la-participation-des-habitants-dans-les-projets-urbains\/","og_locale":"fr_FR","og_type":"article","og_title":"Hurba \u00e0 la conf\u00e9rence \"La participation des habitants dans les projets urbains\"","og_description":"Conf\u00e9rence \"La participation des habitants dans les projets urbains\"","og_url":"https:\/\/hurba.fr\/fr\/2019\/12\/19\/hurba-a-la-conference-la-participation-des-habitants-dans-les-projets-urbains\/","og_site_name":"HURBA","article_published_time":"2019-12-19T16:04:59+00:00","og_image":[{"width":637,"height":344,"url":"https:\/\/hurba.fr\/wp-content\/uploads\/2019\/12\/image001.jpg","type":"image\/jpeg"}],"author":"olivier@ovm-communication.fr","twitter_card":"summary_large_image","twitter_misc":{"\u00c9crit par":"olivier@ovm-communication.fr","Dur\u00e9e de lecture estim\u00e9e":"5 minutes"},"schema":{"@context":"https:\/\/schema.org","@graph":[{"@type":"Article","@id":"https:\/\/hurba.fr\/fr\/2019\/12\/19\/hurba-a-la-conference-la-participation-des-habitants-dans-les-projets-urbains\/#article","isPartOf":{"@id":"https:\/\/hurba.fr\/fr\/2019\/12\/19\/hurba-a-la-conference-la-participation-des-habitants-dans-les-projets-urbains\/"},"author":{"name":"olivier@ovm-communication.fr","@id":"https:\/\/hurba.fr\/en\/#\/schema\/person\/0d45517b0e6bbae9665e6d0e13b2d269"},"headline":"Hurba \u00e0 la conf\u00e9rence \u00ab\u00a0La participation des habitants dans les projets urbains\u00a0\u00bb","datePublished":"2019-12-19T16:04:59+00:00","mainEntityOfPage":{"@id":"https:\/\/hurba.fr\/fr\/2019\/12\/19\/hurba-a-la-conference-la-participation-des-habitants-dans-les-projets-urbains\/"},"wordCount":1113,"image":{"@id":"https:\/\/hurba.fr\/fr\/2019\/12\/19\/hurba-a-la-conference-la-participation-des-habitants-dans-les-projets-urbains\/#primaryimage"},"thumbnailUrl":"https:\/\/hurba.fr\/wp-content\/uploads\/2019\/12\/image001.jpg","articleSection":["Actualit\u00e9s"],"inLanguage":"fr-FR"},{"@type":"WebPage","@id":"https:\/\/hurba.fr\/fr\/2019\/12\/19\/hurba-a-la-conference-la-participation-des-habitants-dans-les-projets-urbains\/","url":"https:\/\/hurba.fr\/fr\/2019\/12\/19\/hurba-a-la-conference-la-participation-des-habitants-dans-les-projets-urbains\/","name":"Hurba \u00e0 la conf\u00e9rence \"La participation des habitants dans les projets urbains\" - HURBA","isPartOf":{"@id":"https:\/\/hurba.fr\/en\/#website"},"primaryImageOfPage":{"@id":"https:\/\/hurba.fr\/fr\/2019\/12\/19\/hurba-a-la-conference-la-participation-des-habitants-dans-les-projets-urbains\/#primaryimage"},"image":{"@id":"https:\/\/hurba.fr\/fr\/2019\/12\/19\/hurba-a-la-conference-la-participation-des-habitants-dans-les-projets-urbains\/#primaryimage"},"thumbnailUrl":"https:\/\/hurba.fr\/wp-content\/uploads\/2019\/12\/image001.jpg","datePublished":"2019-12-19T16:04:59+00:00","author":{"@id":"https:\/\/hurba.fr\/en\/#\/schema\/person\/0d45517b0e6bbae9665e6d0e13b2d269"},"description":"Conf\u00e9rence \"La participation des habitants dans les projets urbains\"","breadcrumb":{"@id":"https:\/\/hurba.fr\/fr\/2019\/12\/19\/hurba-a-la-conference-la-participation-des-habitants-dans-les-projets-urbains\/#breadcrumb"},"inLanguage":"fr-FR","potentialAction":[{"@type":"ReadAction","target":["https:\/\/hurba.fr\/fr\/2019\/12\/19\/hurba-a-la-conference-la-participation-des-habitants-dans-les-projets-urbains\/"]}]},{"@type":"ImageObject","inLanguage":"fr-FR","@id":"https:\/\/hurba.fr\/fr\/2019\/12\/19\/hurba-a-la-conference-la-participation-des-habitants-dans-les-projets-urbains\/#primaryimage","url":"https:\/\/hurba.fr\/wp-content\/uploads\/2019\/12\/image001.jpg","contentUrl":"https:\/\/hurba.fr\/wp-content\/uploads\/2019\/12\/image001.jpg","width":637,"height":344},{"@type":"BreadcrumbList","@id":"https:\/\/hurba.fr\/fr\/2019\/12\/19\/hurba-a-la-conference-la-participation-des-habitants-dans-les-projets-urbains\/#breadcrumb","itemListElement":[{"@type":"ListItem","position":1,"name":"Home","item":"https:\/\/hurba.fr\/fr\/"},{"@type":"ListItem","position":2,"name":"Hurba \u00e0 la conf\u00e9rence \u00ab\u00a0La participation des habitants dans les projets urbains\u00a0\u00bb"}]},{"@type":"WebSite","@id":"https:\/\/hurba.fr\/en\/#website","url":"https:\/\/hurba.fr\/en\/","name":"HURBA","description":"Psychologie urbaine","potentialAction":[{"@type":"SearchAction","target":{"@type":"EntryPoint","urlTemplate":"https:\/\/hurba.fr\/en\/?s={search_term_string}"},"query-input":{"@type":"PropertyValueSpecification","valueRequired":true,"valueName":"search_term_string"}}],"inLanguage":"fr-FR"},{"@type":"Person","@id":"https:\/\/hurba.fr\/en\/#\/schema\/person\/0d45517b0e6bbae9665e6d0e13b2d269","name":"olivier@ovm-communication.fr"}]}},"_links":{"self":[{"href":"https:\/\/hurba.fr\/fr\/wp-json\/wp\/v2\/posts\/16764","targetHints":{"allow":["GET"]}}],"collection":[{"href":"https:\/\/hurba.fr\/fr\/wp-json\/wp\/v2\/posts"}],"about":[{"href":"https:\/\/hurba.fr\/fr\/wp-json\/wp\/v2\/types\/post"}],"author":[{"embeddable":true,"href":"https:\/\/hurba.fr\/fr\/wp-json\/wp\/v2\/users\/1"}],"replies":[{"embeddable":true,"href":"https:\/\/hurba.fr\/fr\/wp-json\/wp\/v2\/comments?post=16764"}],"version-history":[{"count":0,"href":"https:\/\/hurba.fr\/fr\/wp-json\/wp\/v2\/posts\/16764\/revisions"}],"wp:featuredmedia":[{"embeddable":true,"href":"https:\/\/hurba.fr\/fr\/wp-json\/wp\/v2\/media\/16766"}],"wp:attachment":[{"href":"https:\/\/hurba.fr\/fr\/wp-json\/wp\/v2\/media?parent=16764"}],"wp:term":[{"taxonomy":"category","embeddable":true,"href":"https:\/\/hurba.fr\/fr\/wp-json\/wp\/v2\/categories?post=16764"},{"taxonomy":"post_tag","embeddable":true,"href":"https:\/\/hurba.fr\/fr\/wp-json\/wp\/v2\/tags?post=16764"}],"curies":[{"name":"wp","href":"https:\/\/api.w.org\/{rel}","templated":true}]}}