{"id":16771,"date":"2020-04-29T14:24:06","date_gmt":"2020-04-29T12:24:06","guid":{"rendered":"https:\/\/hurba.fr\/?p=16771"},"modified":"2020-04-30T09:44:05","modified_gmt":"2020-04-30T07:44:05","slug":"mention-speciale-filiere-operation-dhabitats-renouveles-ville-du-precheur-martinique","status":"publish","type":"post","link":"https:\/\/hurba.fr\/fr\/2020\/04\/29\/mention-speciale-filiere-operation-dhabitats-renouveles-ville-du-precheur-martinique\/","title":{"rendered":"[MENTION SPECIALE FILIERE] Op\u00e9ration d&rsquo;habitats renouvel\u00e9s &#8211; Ville du Pr\u00eacheur &#8211; Martinique"},"content":{"rendered":"<div class=\"wpb-content-wrapper\"><p>[vc_row css_animation=\u00a0\u00bb\u00a0\u00bb row_type=\u00a0\u00bbrow\u00a0\u00bb use_row_as_full_screen_section=\u00a0\u00bbno\u00a0\u00bb type=\u00a0\u00bbfull_width\u00a0\u00bb angled_section=\u00a0\u00bbno\u00a0\u00bb text_align=\u00a0\u00bbleft\u00a0\u00bb background_image_as_pattern=\u00a0\u00bbwithout_pattern\u00a0\u00bb][vc_column]<div class=\"image_with_text\"><img decoding=\"async\" itemprop=\"image\" src=\"https:\/\/hurba.fr\/wp-content\/uploads\/2020\/04\/PERS-MAISONS-copie_BD.jpg\" alt=\"\" \/><h3 style=\"color:#89d653;\"><\/h3><span style=\"margin: 6px 0px;\" class=\"separator transparent\"><\/span><span style=\"color: #54cc25;\">Perspective du projet pour la ville du Pr\u00eacheur en Martinique<\/span><\/p>\n<p><em><span style=\"color: #cccaca;\">\u00a9 MAES Architectes Urbanistes<\/span><\/em><\/p>\n<p><\/div>[\/vc_column][vc_column][vc_column_text]En novembre 2019, nous vous annoncions notre participation \u00e0 l\u2019appel d\u2019offre lanc\u00e9 par le PUCA et le Minist\u00e8re de la Transition \u00e9cologique et solidaire avec le soutien de la DEAL Martinique.<\/p>\n<p>&nbsp;<\/p>\n<p>Le sujet avait m\u00eame fait l\u2019objet d\u2019un reportage sur la cha\u00eene TV 1\u00e8re Outre-mer au JT de la Martinique. A (re)d\u00e9couvrir ici &gt;<span style=\"color: #ff6600;\"> <a style=\"color: #ff6600;\" href=\"https:\/\/hurba.fr\/fr\/2019\/11\/12\/hurba-participe-a-lappel-doffre-lance-par-la-ville-du-precheur-en-martinique\/\">https:\/\/hurba.fr\/fr\/2019\/11\/12\/hurba-participe-a-lappel-doffre-lance-par-la-ville-du-precheur-en-martinique\/<\/a><\/span><\/p>\n<p>Le programme vise donc \u00e0 :<\/p>\n<ul>\n<li>r\u00e9duire l\u2019empreinte \u00e9cologique de la construction aux Antilles, notamment dans un contexte de forte d\u00e9pendance \u00e9nerg\u00e9tique et d\u2019importation de produits de construction,<\/li>\n<li>faciliter, par le d\u00e9veloppement d\u2019une offre de relogement attractive, la relocalisation de populations habitant des zones expos\u00e9es \u00e0 des risques naturels majeurs.<\/li>\n<\/ul>\n<p>&nbsp;<\/p>\n<p>Nous sommes ravis de vous annoncer que nous sommes s\u00e9lectionn\u00e9s pour la prochaine \u00e9tape\u00a0!<\/p>\n<p>Le jury a souhait\u00e9 nous distinguer pour nos recherches sur les possibilit\u00e9s de construction en BTC \u00e0 partir des mat\u00e9riaux des lahars (coul\u00e9es de boue).<\/p>\n<p><strong>Notre mission dans ce groupement est de penser l&rsquo;accompagnement et le d\u00e9placement des populations. Nous souhaitons notamment les former \u00e0 l\u2019auto construction via la domestication de la terre qui les menace et la co-conception de leur nouveau lieu de vie.<\/strong><\/p>\n<p>&nbsp;<\/p>\n<p>Equipe : Groupe MAES Architectes Urbanistes, Vessi\u00e8re, ARP Astrance, Agence Sabine Haristoy et CRATerre.[\/vc_column_text][\/vc_column][\/vc_row]<\/p>\n<\/div>","protected":false},"excerpt":{"rendered":"<p>Hurba est s\u00e9lectionn\u00e9 pour la 2\u00e8me \u00e9tape de l&rsquo;op\u00e9ration d&rsquo;habitats renouvel\u00e9s de la Ville du Pr\u00eacheur<\/p>\n","protected":false},"author":1,"featured_media":16786,"comment_status":"closed","ping_status":"closed","sticky":false,"template":"","format":"standard","meta":{"footnotes":""},"categories":[3],"tags":[],"class_list":["post-16771","post","type-post","status-publish","format-standard","has-post-thumbnail","hentry","category-actualites"],"yoast_head":"<!-- This site is optimized with the Yoast SEO Premium plugin v22.3 (Yoast SEO v27.4) - https:\/\/yoast.com\/product\/yoast-seo-premium-wordpress\/ -->\n<title>[MENTION SPECIALE FILIERE] Op\u00e9ration d&#039;habitats renouvel\u00e9s - Ville du Pr\u00eacheur - Martinique - HURBA<\/title>\n<meta name=\"description\" content=\"[MENTION SPECIALE FILIERE] Op\u00e9ration d&#039;habitats renouvel\u00e9s - Ville du Pr\u00eacheur - Martinique\" \/>\n<meta name=\"robots\" content=\"index, follow, max-snippet:-1, max-image-preview:large, max-video-preview:-1\" \/>\n<link rel=\"canonical\" href=\"https:\/\/hurba.fr\/fr\/2020\/04\/29\/mention-speciale-filiere-operation-dhabitats-renouveles-ville-du-precheur-martinique\/\" \/>\n<meta property=\"og:locale\" content=\"fr_FR\" \/>\n<meta property=\"og:type\" content=\"article\" \/>\n<meta property=\"og:title\" content=\"[MENTION SPECIALE FILIERE] Op\u00e9ration d&#039;habitats renouvel\u00e9s - Ville du Pr\u00eacheur - Martinique\" \/>\n<meta property=\"og:description\" content=\"[MENTION SPECIALE FILIERE] Op\u00e9ration d&#039;habitats renouvel\u00e9s - Ville du Pr\u00eacheur - Martinique\" \/>\n<meta property=\"og:url\" content=\"https:\/\/hurba.fr\/fr\/2020\/04\/29\/mention-speciale-filiere-operation-dhabitats-renouveles-ville-du-precheur-martinique\/\" \/>\n<meta property=\"og:site_name\" content=\"HURBA\" \/>\n<meta property=\"article:published_time\" content=\"2020-04-29T12:24:06+00:00\" \/>\n<meta property=\"article:modified_time\" content=\"2020-04-30T07:44:05+00:00\" \/>\n<meta property=\"og:image\" content=\"https:\/\/hurba.fr\/wp-content\/uploads\/2020\/04\/PERS-MAISONS-copie_BD.jpg\" \/>\n\t<meta property=\"og:image:width\" content=\"1000\" \/>\n\t<meta property=\"og:image:height\" content=\"531\" \/>\n\t<meta property=\"og:image:type\" content=\"image\/jpeg\" \/>\n<meta name=\"author\" content=\"olivier@ovm-communication.fr\" \/>\n<meta name=\"twitter:card\" content=\"summary_large_image\" \/>\n<meta name=\"twitter:label1\" content=\"\u00c9crit par\" \/>\n\t<meta name=\"twitter:data1\" content=\"olivier@ovm-communication.fr\" \/>\n\t<meta name=\"twitter:label2\" content=\"Dur\u00e9e de lecture estim\u00e9e\" \/>\n\t<meta name=\"twitter:data2\" content=\"1 minute\" \/>\n<script type=\"application\/ld+json\" class=\"yoast-schema-graph\">{\"@context\":\"https:\\\/\\\/schema.org\",\"@graph\":[{\"@type\":\"Article\",\"@id\":\"https:\\\/\\\/hurba.fr\\\/fr\\\/2020\\\/04\\\/29\\\/mention-speciale-filiere-operation-dhabitats-renouveles-ville-du-precheur-martinique\\\/#article\",\"isPartOf\":{\"@id\":\"https:\\\/\\\/hurba.fr\\\/fr\\\/2020\\\/04\\\/29\\\/mention-speciale-filiere-operation-dhabitats-renouveles-ville-du-precheur-martinique\\\/\"},\"author\":{\"name\":\"olivier@ovm-communication.fr\",\"@id\":\"https:\\\/\\\/hurba.fr\\\/en\\\/#\\\/schema\\\/person\\\/0d45517b0e6bbae9665e6d0e13b2d269\"},\"headline\":\"[MENTION SPECIALE FILIERE] Op\u00e9ration d&rsquo;habitats renouvel\u00e9s &#8211; Ville du Pr\u00eacheur &#8211; Martinique\",\"datePublished\":\"2020-04-29T12:24:06+00:00\",\"dateModified\":\"2020-04-30T07:44:05+00:00\",\"mainEntityOfPage\":{\"@id\":\"https:\\\/\\\/hurba.fr\\\/fr\\\/2020\\\/04\\\/29\\\/mention-speciale-filiere-operation-dhabitats-renouveles-ville-du-precheur-martinique\\\/\"},\"wordCount\":311,\"image\":{\"@id\":\"https:\\\/\\\/hurba.fr\\\/fr\\\/2020\\\/04\\\/29\\\/mention-speciale-filiere-operation-dhabitats-renouveles-ville-du-precheur-martinique\\\/#primaryimage\"},\"thumbnailUrl\":\"https:\\\/\\\/hurba.fr\\\/wp-content\\\/uploads\\\/2020\\\/04\\\/PERS-MAISONS-copie_BD.jpg\",\"articleSection\":[\"Actualit\u00e9s\"],\"inLanguage\":\"fr-FR\"},{\"@type\":\"WebPage\",\"@id\":\"https:\\\/\\\/hurba.fr\\\/fr\\\/2020\\\/04\\\/29\\\/mention-speciale-filiere-operation-dhabitats-renouveles-ville-du-precheur-martinique\\\/\",\"url\":\"https:\\\/\\\/hurba.fr\\\/fr\\\/2020\\\/04\\\/29\\\/mention-speciale-filiere-operation-dhabitats-renouveles-ville-du-precheur-martinique\\\/\",\"name\":\"[MENTION SPECIALE FILIERE] Op\u00e9ration d'habitats renouvel\u00e9s - Ville du Pr\u00eacheur - Martinique - HURBA\",\"isPartOf\":{\"@id\":\"https:\\\/\\\/hurba.fr\\\/en\\\/#website\"},\"primaryImageOfPage\":{\"@id\":\"https:\\\/\\\/hurba.fr\\\/fr\\\/2020\\\/04\\\/29\\\/mention-speciale-filiere-operation-dhabitats-renouveles-ville-du-precheur-martinique\\\/#primaryimage\"},\"image\":{\"@id\":\"https:\\\/\\\/hurba.fr\\\/fr\\\/2020\\\/04\\\/29\\\/mention-speciale-filiere-operation-dhabitats-renouveles-ville-du-precheur-martinique\\\/#primaryimage\"},\"thumbnailUrl\":\"https:\\\/\\\/hurba.fr\\\/wp-content\\\/uploads\\\/2020\\\/04\\\/PERS-MAISONS-copie_BD.jpg\",\"datePublished\":\"2020-04-29T12:24:06+00:00\",\"dateModified\":\"2020-04-30T07:44:05+00:00\",\"author\":{\"@id\":\"https:\\\/\\\/hurba.fr\\\/en\\\/#\\\/schema\\\/person\\\/0d45517b0e6bbae9665e6d0e13b2d269\"},\"description\":\"[MENTION SPECIALE FILIERE] Op\u00e9ration d'habitats renouvel\u00e9s - Ville du Pr\u00eacheur - Martinique\",\"breadcrumb\":{\"@id\":\"https:\\\/\\\/hurba.fr\\\/fr\\\/2020\\\/04\\\/29\\\/mention-speciale-filiere-operation-dhabitats-renouveles-ville-du-precheur-martinique\\\/#breadcrumb\"},\"inLanguage\":\"fr-FR\",\"potentialAction\":[{\"@type\":\"ReadAction\",\"target\":[\"https:\\\/\\\/hurba.fr\\\/fr\\\/2020\\\/04\\\/29\\\/mention-speciale-filiere-operation-dhabitats-renouveles-ville-du-precheur-martinique\\\/\"]}]},{\"@type\":\"ImageObject\",\"inLanguage\":\"fr-FR\",\"@id\":\"https:\\\/\\\/hurba.fr\\\/fr\\\/2020\\\/04\\\/29\\\/mention-speciale-filiere-operation-dhabitats-renouveles-ville-du-precheur-martinique\\\/#primaryimage\",\"url\":\"https:\\\/\\\/hurba.fr\\\/wp-content\\\/uploads\\\/2020\\\/04\\\/PERS-MAISONS-copie_BD.jpg\",\"contentUrl\":\"https:\\\/\\\/hurba.fr\\\/wp-content\\\/uploads\\\/2020\\\/04\\\/PERS-MAISONS-copie_BD.jpg\",\"width\":1000,\"height\":531},{\"@type\":\"BreadcrumbList\",\"@id\":\"https:\\\/\\\/hurba.fr\\\/fr\\\/2020\\\/04\\\/29\\\/mention-speciale-filiere-operation-dhabitats-renouveles-ville-du-precheur-martinique\\\/#breadcrumb\",\"itemListElement\":[{\"@type\":\"ListItem\",\"position\":1,\"name\":\"Home\",\"item\":\"https:\\\/\\\/hurba.fr\\\/fr\\\/\"},{\"@type\":\"ListItem\",\"position\":2,\"name\":\"[MENTION SPECIALE FILIERE] Op\u00e9ration d&rsquo;habitats renouvel\u00e9s &#8211; Ville du Pr\u00eacheur &#8211; Martinique\"}]},{\"@type\":\"WebSite\",\"@id\":\"https:\\\/\\\/hurba.fr\\\/en\\\/#website\",\"url\":\"https:\\\/\\\/hurba.fr\\\/en\\\/\",\"name\":\"HURBA\",\"description\":\"Psychologie urbaine\",\"potentialAction\":[{\"@type\":\"SearchAction\",\"target\":{\"@type\":\"EntryPoint\",\"urlTemplate\":\"https:\\\/\\\/hurba.fr\\\/en\\\/?s={search_term_string}\"},\"query-input\":{\"@type\":\"PropertyValueSpecification\",\"valueRequired\":true,\"valueName\":\"search_term_string\"}}],\"inLanguage\":\"fr-FR\"},{\"@type\":\"Person\",\"@id\":\"https:\\\/\\\/hurba.fr\\\/en\\\/#\\\/schema\\\/person\\\/0d45517b0e6bbae9665e6d0e13b2d269\",\"name\":\"olivier@ovm-communication.fr\"}]}<\/script>\n<!-- \/ Yoast SEO Premium plugin. -->","yoast_head_json":{"title":"[MENTION SPECIALE FILIERE] Op\u00e9ration d'habitats renouvel\u00e9s - Ville du Pr\u00eacheur - Martinique - HURBA","description":"[MENTION SPECIALE FILIERE] Op\u00e9ration d'habitats renouvel\u00e9s - Ville du Pr\u00eacheur - Martinique","robots":{"index":"index","follow":"follow","max-snippet":"max-snippet:-1","max-image-preview":"max-image-preview:large","max-video-preview":"max-video-preview:-1"},"canonical":"https:\/\/hurba.fr\/fr\/2020\/04\/29\/mention-speciale-filiere-operation-dhabitats-renouveles-ville-du-precheur-martinique\/","og_locale":"fr_FR","og_type":"article","og_title":"[MENTION SPECIALE FILIERE] Op\u00e9ration d'habitats renouvel\u00e9s - Ville du Pr\u00eacheur - Martinique","og_description":"[MENTION SPECIALE FILIERE] Op\u00e9ration d'habitats renouvel\u00e9s - Ville du Pr\u00eacheur - Martinique","og_url":"https:\/\/hurba.fr\/fr\/2020\/04\/29\/mention-speciale-filiere-operation-dhabitats-renouveles-ville-du-precheur-martinique\/","og_site_name":"HURBA","article_published_time":"2020-04-29T12:24:06+00:00","article_modified_time":"2020-04-30T07:44:05+00:00","og_image":[{"width":1000,"height":531,"url":"https:\/\/hurba.fr\/wp-content\/uploads\/2020\/04\/PERS-MAISONS-copie_BD.jpg","type":"image\/jpeg"}],"author":"olivier@ovm-communication.fr","twitter_card":"summary_large_image","twitter_misc":{"\u00c9crit par":"olivier@ovm-communication.fr","Dur\u00e9e de lecture estim\u00e9e":"1 minute"},"schema":{"@context":"https:\/\/schema.org","@graph":[{"@type":"Article","@id":"https:\/\/hurba.fr\/fr\/2020\/04\/29\/mention-speciale-filiere-operation-dhabitats-renouveles-ville-du-precheur-martinique\/#article","isPartOf":{"@id":"https:\/\/hurba.fr\/fr\/2020\/04\/29\/mention-speciale-filiere-operation-dhabitats-renouveles-ville-du-precheur-martinique\/"},"author":{"name":"olivier@ovm-communication.fr","@id":"https:\/\/hurba.fr\/en\/#\/schema\/person\/0d45517b0e6bbae9665e6d0e13b2d269"},"headline":"[MENTION SPECIALE FILIERE] Op\u00e9ration d&rsquo;habitats renouvel\u00e9s &#8211; Ville du Pr\u00eacheur &#8211; Martinique","datePublished":"2020-04-29T12:24:06+00:00","dateModified":"2020-04-30T07:44:05+00:00","mainEntityOfPage":{"@id":"https:\/\/hurba.fr\/fr\/2020\/04\/29\/mention-speciale-filiere-operation-dhabitats-renouveles-ville-du-precheur-martinique\/"},"wordCount":311,"image":{"@id":"https:\/\/hurba.fr\/fr\/2020\/04\/29\/mention-speciale-filiere-operation-dhabitats-renouveles-ville-du-precheur-martinique\/#primaryimage"},"thumbnailUrl":"https:\/\/hurba.fr\/wp-content\/uploads\/2020\/04\/PERS-MAISONS-copie_BD.jpg","articleSection":["Actualit\u00e9s"],"inLanguage":"fr-FR"},{"@type":"WebPage","@id":"https:\/\/hurba.fr\/fr\/2020\/04\/29\/mention-speciale-filiere-operation-dhabitats-renouveles-ville-du-precheur-martinique\/","url":"https:\/\/hurba.fr\/fr\/2020\/04\/29\/mention-speciale-filiere-operation-dhabitats-renouveles-ville-du-precheur-martinique\/","name":"[MENTION SPECIALE FILIERE] Op\u00e9ration d'habitats renouvel\u00e9s - Ville du Pr\u00eacheur - Martinique - HURBA","isPartOf":{"@id":"https:\/\/hurba.fr\/en\/#website"},"primaryImageOfPage":{"@id":"https:\/\/hurba.fr\/fr\/2020\/04\/29\/mention-speciale-filiere-operation-dhabitats-renouveles-ville-du-precheur-martinique\/#primaryimage"},"image":{"@id":"https:\/\/hurba.fr\/fr\/2020\/04\/29\/mention-speciale-filiere-operation-dhabitats-renouveles-ville-du-precheur-martinique\/#primaryimage"},"thumbnailUrl":"https:\/\/hurba.fr\/wp-content\/uploads\/2020\/04\/PERS-MAISONS-copie_BD.jpg","datePublished":"2020-04-29T12:24:06+00:00","dateModified":"2020-04-30T07:44:05+00:00","author":{"@id":"https:\/\/hurba.fr\/en\/#\/schema\/person\/0d45517b0e6bbae9665e6d0e13b2d269"},"description":"[MENTION SPECIALE FILIERE] Op\u00e9ration d'habitats renouvel\u00e9s - Ville du Pr\u00eacheur - Martinique","breadcrumb":{"@id":"https:\/\/hurba.fr\/fr\/2020\/04\/29\/mention-speciale-filiere-operation-dhabitats-renouveles-ville-du-precheur-martinique\/#breadcrumb"},"inLanguage":"fr-FR","potentialAction":[{"@type":"ReadAction","target":["https:\/\/hurba.fr\/fr\/2020\/04\/29\/mention-speciale-filiere-operation-dhabitats-renouveles-ville-du-precheur-martinique\/"]}]},{"@type":"ImageObject","inLanguage":"fr-FR","@id":"https:\/\/hurba.fr\/fr\/2020\/04\/29\/mention-speciale-filiere-operation-dhabitats-renouveles-ville-du-precheur-martinique\/#primaryimage","url":"https:\/\/hurba.fr\/wp-content\/uploads\/2020\/04\/PERS-MAISONS-copie_BD.jpg","contentUrl":"https:\/\/hurba.fr\/wp-content\/uploads\/2020\/04\/PERS-MAISONS-copie_BD.jpg","width":1000,"height":531},{"@type":"BreadcrumbList","@id":"https:\/\/hurba.fr\/fr\/2020\/04\/29\/mention-speciale-filiere-operation-dhabitats-renouveles-ville-du-precheur-martinique\/#breadcrumb","itemListElement":[{"@type":"ListItem","position":1,"name":"Home","item":"https:\/\/hurba.fr\/fr\/"},{"@type":"ListItem","position":2,"name":"[MENTION SPECIALE FILIERE] Op\u00e9ration d&rsquo;habitats renouvel\u00e9s &#8211; Ville du Pr\u00eacheur &#8211; Martinique"}]},{"@type":"WebSite","@id":"https:\/\/hurba.fr\/en\/#website","url":"https:\/\/hurba.fr\/en\/","name":"HURBA","description":"Psychologie urbaine","potentialAction":[{"@type":"SearchAction","target":{"@type":"EntryPoint","urlTemplate":"https:\/\/hurba.fr\/en\/?s={search_term_string}"},"query-input":{"@type":"PropertyValueSpecification","valueRequired":true,"valueName":"search_term_string"}}],"inLanguage":"fr-FR"},{"@type":"Person","@id":"https:\/\/hurba.fr\/en\/#\/schema\/person\/0d45517b0e6bbae9665e6d0e13b2d269","name":"olivier@ovm-communication.fr"}]}},"_links":{"self":[{"href":"https:\/\/hurba.fr\/fr\/wp-json\/wp\/v2\/posts\/16771","targetHints":{"allow":["GET"]}}],"collection":[{"href":"https:\/\/hurba.fr\/fr\/wp-json\/wp\/v2\/posts"}],"about":[{"href":"https:\/\/hurba.fr\/fr\/wp-json\/wp\/v2\/types\/post"}],"author":[{"embeddable":true,"href":"https:\/\/hurba.fr\/fr\/wp-json\/wp\/v2\/users\/1"}],"replies":[{"embeddable":true,"href":"https:\/\/hurba.fr\/fr\/wp-json\/wp\/v2\/comments?post=16771"}],"version-history":[{"count":0,"href":"https:\/\/hurba.fr\/fr\/wp-json\/wp\/v2\/posts\/16771\/revisions"}],"wp:featuredmedia":[{"embeddable":true,"href":"https:\/\/hurba.fr\/fr\/wp-json\/wp\/v2\/media\/16786"}],"wp:attachment":[{"href":"https:\/\/hurba.fr\/fr\/wp-json\/wp\/v2\/media?parent=16771"}],"wp:term":[{"taxonomy":"category","embeddable":true,"href":"https:\/\/hurba.fr\/fr\/wp-json\/wp\/v2\/categories?post=16771"},{"taxonomy":"post_tag","embeddable":true,"href":"https:\/\/hurba.fr\/fr\/wp-json\/wp\/v2\/tags?post=16771"}],"curies":[{"name":"wp","href":"https:\/\/api.w.org\/{rel}","templated":true}]}}