{"id":16949,"date":"2021-03-02T11:37:16","date_gmt":"2021-03-02T10:37:16","guid":{"rendered":"https:\/\/hurba.fr\/?p=16949"},"modified":"2021-03-02T15:35:45","modified_gmt":"2021-03-02T14:35:45","slug":"images-de-marcq-parle-de-nous","status":"publish","type":"post","link":"https:\/\/hurba.fr\/fr\/2021\/03\/02\/images-de-marcq-parle-de-nous\/","title":{"rendered":"Images de Marcq parle de nous !"},"content":{"rendered":"<div class=\"wpb-content-wrapper\"><p>[vc_row css_animation=\u00a0\u00bb\u00a0\u00bb row_type=\u00a0\u00bbrow\u00a0\u00bb use_row_as_full_screen_section=\u00a0\u00bbno\u00a0\u00bb type=\u00a0\u00bbfull_width\u00a0\u00bb angled_section=\u00a0\u00bbno\u00a0\u00bb text_align=\u00a0\u00bbleft\u00a0\u00bb background_image_as_pattern=\u00a0\u00bbwithout_pattern\u00a0\u00bb][vc_column][vc_column_text]<\/p>\n<p class=\"group-title field-group-html-element\">On parle de nous dans Images de Marcq &#8211; Le Magazine de la ville de Marcq-en-Baroeul :<\/p>\n<h3 class=\"group-title field-group-html-element\">\u00ab\u00a0R\u00c9HABILITATION DE LA BRIQUETERIE : OBJECTIF 2031\u00a0\u00bb<\/h3>\n<p>La transformation du quartier de la briqueterie est une opportunit\u00e9 pour am\u00e9liorer la qualit\u00e9 de vie de ses habitants. Un grand merci \u00e0 Madame Dong NGUYEN et \u00e0 Monsieur le Maire, Bernard G\u00c9RARD d&rsquo;\u00eatre les pr\u00e9curseurs de la mise en \u0153uvre d&rsquo;une telle \u201cm\u00e9thode de concertation in\u00e9dite dans la m\u00e9tropole\u201d.<\/p>\n<p>Venez d\u00e9couvrir le quartier r\u00e9invent\u00e9 par ses habitants :<\/p>\n<p><a href=\"https:\/\/hurba.fr\/wp-content\/uploads\/2021\/03\/20210301_IMAGES_DE_MARCQ.pdf\">Lire l&rsquo;article<\/a><\/p>\n<p><a href=\"https:\/\/hurba.fr\/wp-content\/uploads\/2021\/03\/20210301_IMAGES_DE_MARCQ.pdf\"><img loading=\"lazy\" decoding=\"async\" class=\"alignnone size-medium wp-image-16956\" src=\"https:\/\/hurba.fr\/wp-content\/uploads\/2021\/03\/20210301_IMAGES_DE_MARCQ_Page_7-226x300.jpg\" alt=\"\" width=\"226\" height=\"300\" srcset=\"https:\/\/hurba.fr\/wp-content\/uploads\/2021\/03\/20210301_IMAGES_DE_MARCQ_Page_7-226x300.jpg 226w, https:\/\/hurba.fr\/wp-content\/uploads\/2021\/03\/20210301_IMAGES_DE_MARCQ_Page_7-773x1024.jpg 773w, https:\/\/hurba.fr\/wp-content\/uploads\/2021\/03\/20210301_IMAGES_DE_MARCQ_Page_7-768x1018.jpg 768w, https:\/\/hurba.fr\/wp-content\/uploads\/2021\/03\/20210301_IMAGES_DE_MARCQ_Page_7-600x800.jpg 600w, https:\/\/hurba.fr\/wp-content\/uploads\/2021\/03\/20210301_IMAGES_DE_MARCQ_Page_7-700x927.jpg 700w, https:\/\/hurba.fr\/wp-content\/uploads\/2021\/03\/20210301_IMAGES_DE_MARCQ_Page_7.jpg 788w\" sizes=\"auto, (max-width: 226px) 100vw, 226px\" \/><\/a>[\/vc_column_text][\/vc_column][\/vc_row]<\/p>\n<\/div>","protected":false},"excerpt":{"rendered":"<p>R\u00c9HABILITATION DE LA BRIQUETERIE : OBJECTIF 2031 &#8211; La transformation du quartier de la briqueterie est une opportunit\u00e9 pour am\u00e9liorer la qualit\u00e9 de vie de ses habitants. Un grand merci \u00e0 Madame Dong NGUYEN et \u00e0 Monsieur le Maire, Bernard G\u00c9RARD d&rsquo;\u00eatre les pr\u00e9curseurs de  la mise en \u0153uvre d&rsquo;une telle \u201cm\u00e9thode de concertation in\u00e9dite dans la m\u00e9tropole\u201d.<\/p>\n","protected":false},"author":1,"featured_media":16956,"comment_status":"closed","ping_status":"closed","sticky":false,"template":"","format":"standard","meta":{"footnotes":""},"categories":[3],"tags":[],"class_list":["post-16949","post","type-post","status-publish","format-standard","has-post-thumbnail","hentry","category-actualites"],"yoast_head":"<!-- This site is optimized with the Yoast SEO Premium plugin v22.3 (Yoast SEO v27.4) - https:\/\/yoast.com\/product\/yoast-seo-premium-wordpress\/ -->\n<title>Images de Marcq parle de nous ! - HURBA<\/title>\n<meta name=\"description\" content=\"R\u00c9HABILITATION DE LA BRIQUETERIE : OBJECTIF 2031. La transformation du quartier de la briqueterie est une opportunit\u00e9 pour am\u00e9liorer la qualit\u00e9 de vie de ses habitants. Un grand merci \u00e0 Madame Dong NGUYEN et \u00e0 Monsieur le Maire, Bernard G\u00c9RARD d&#039;\u00eatre les pr\u00e9curseurs de la mise en \u0153uvre d&#039;une telle \u201cm\u00e9thode de concertation in\u00e9dite dans la m\u00e9tropole\u201d.\" \/>\n<meta name=\"robots\" content=\"index, follow, max-snippet:-1, max-image-preview:large, max-video-preview:-1\" \/>\n<link rel=\"canonical\" href=\"https:\/\/hurba.fr\/fr\/2021\/03\/02\/images-de-marcq-parle-de-nous\/\" \/>\n<meta property=\"og:locale\" content=\"fr_FR\" \/>\n<meta property=\"og:type\" content=\"article\" \/>\n<meta property=\"og:title\" content=\"Images de Marcq parle de nous !\" \/>\n<meta property=\"og:description\" content=\"R\u00c9HABILITATION DE LA BRIQUETERIE : OBJECTIF 2031. La transformation du quartier de la briqueterie est une opportunit\u00e9 pour am\u00e9liorer la qualit\u00e9 de vie de ses habitants. Un grand merci \u00e0 Madame Dong NGUYEN et \u00e0 Monsieur le Maire, Bernard G\u00c9RARD d&#039;\u00eatre les pr\u00e9curseurs de la mise en \u0153uvre d&#039;une telle \u201cm\u00e9thode de concertation in\u00e9dite dans la m\u00e9tropole\u201d.\" \/>\n<meta property=\"og:url\" content=\"https:\/\/hurba.fr\/fr\/2021\/03\/02\/images-de-marcq-parle-de-nous\/\" \/>\n<meta property=\"og:site_name\" content=\"HURBA\" \/>\n<meta property=\"article:published_time\" content=\"2021-03-02T10:37:16+00:00\" \/>\n<meta property=\"article:modified_time\" content=\"2021-03-02T14:35:45+00:00\" \/>\n<meta property=\"og:image\" content=\"https:\/\/hurba.fr\/wp-content\/uploads\/2021\/03\/20210301_IMAGES_DE_MARCQ_Page_7.jpg\" \/>\n\t<meta property=\"og:image:width\" content=\"788\" \/>\n\t<meta property=\"og:image:height\" content=\"1044\" \/>\n\t<meta property=\"og:image:type\" content=\"image\/jpeg\" \/>\n<meta name=\"author\" content=\"olivier@ovm-communication.fr\" \/>\n<meta name=\"twitter:card\" content=\"summary_large_image\" \/>\n<meta name=\"twitter:label1\" content=\"\u00c9crit par\" \/>\n\t<meta name=\"twitter:data1\" content=\"olivier@ovm-communication.fr\" \/>\n\t<meta name=\"twitter:label2\" content=\"Dur\u00e9e de lecture estim\u00e9e\" \/>\n\t<meta name=\"twitter:data2\" content=\"1 minute\" \/>\n<script type=\"application\/ld+json\" class=\"yoast-schema-graph\">{\"@context\":\"https:\\\/\\\/schema.org\",\"@graph\":[{\"@type\":\"Article\",\"@id\":\"https:\\\/\\\/hurba.fr\\\/fr\\\/2021\\\/03\\\/02\\\/images-de-marcq-parle-de-nous\\\/#article\",\"isPartOf\":{\"@id\":\"https:\\\/\\\/hurba.fr\\\/fr\\\/2021\\\/03\\\/02\\\/images-de-marcq-parle-de-nous\\\/\"},\"author\":{\"name\":\"olivier@ovm-communication.fr\",\"@id\":\"https:\\\/\\\/hurba.fr\\\/en\\\/#\\\/schema\\\/person\\\/0d45517b0e6bbae9665e6d0e13b2d269\"},\"headline\":\"Images de Marcq parle de nous !\",\"datePublished\":\"2021-03-02T10:37:16+00:00\",\"dateModified\":\"2021-03-02T14:35:45+00:00\",\"mainEntityOfPage\":{\"@id\":\"https:\\\/\\\/hurba.fr\\\/fr\\\/2021\\\/03\\\/02\\\/images-de-marcq-parle-de-nous\\\/\"},\"wordCount\":138,\"image\":{\"@id\":\"https:\\\/\\\/hurba.fr\\\/fr\\\/2021\\\/03\\\/02\\\/images-de-marcq-parle-de-nous\\\/#primaryimage\"},\"thumbnailUrl\":\"https:\\\/\\\/hurba.fr\\\/wp-content\\\/uploads\\\/2021\\\/03\\\/20210301_IMAGES_DE_MARCQ_Page_7.jpg\",\"articleSection\":[\"Actualit\u00e9s\"],\"inLanguage\":\"fr-FR\"},{\"@type\":\"WebPage\",\"@id\":\"https:\\\/\\\/hurba.fr\\\/fr\\\/2021\\\/03\\\/02\\\/images-de-marcq-parle-de-nous\\\/\",\"url\":\"https:\\\/\\\/hurba.fr\\\/fr\\\/2021\\\/03\\\/02\\\/images-de-marcq-parle-de-nous\\\/\",\"name\":\"Images de Marcq parle de nous ! - HURBA\",\"isPartOf\":{\"@id\":\"https:\\\/\\\/hurba.fr\\\/en\\\/#website\"},\"primaryImageOfPage\":{\"@id\":\"https:\\\/\\\/hurba.fr\\\/fr\\\/2021\\\/03\\\/02\\\/images-de-marcq-parle-de-nous\\\/#primaryimage\"},\"image\":{\"@id\":\"https:\\\/\\\/hurba.fr\\\/fr\\\/2021\\\/03\\\/02\\\/images-de-marcq-parle-de-nous\\\/#primaryimage\"},\"thumbnailUrl\":\"https:\\\/\\\/hurba.fr\\\/wp-content\\\/uploads\\\/2021\\\/03\\\/20210301_IMAGES_DE_MARCQ_Page_7.jpg\",\"datePublished\":\"2021-03-02T10:37:16+00:00\",\"dateModified\":\"2021-03-02T14:35:45+00:00\",\"author\":{\"@id\":\"https:\\\/\\\/hurba.fr\\\/en\\\/#\\\/schema\\\/person\\\/0d45517b0e6bbae9665e6d0e13b2d269\"},\"description\":\"R\u00c9HABILITATION DE LA BRIQUETERIE : OBJECTIF 2031. La transformation du quartier de la briqueterie est une opportunit\u00e9 pour am\u00e9liorer la qualit\u00e9 de vie de ses habitants. Un grand merci \u00e0 Madame Dong NGUYEN et \u00e0 Monsieur le Maire, Bernard G\u00c9RARD d'\u00eatre les pr\u00e9curseurs de la mise en \u0153uvre d'une telle \u201cm\u00e9thode de concertation in\u00e9dite dans la m\u00e9tropole\u201d.\",\"breadcrumb\":{\"@id\":\"https:\\\/\\\/hurba.fr\\\/fr\\\/2021\\\/03\\\/02\\\/images-de-marcq-parle-de-nous\\\/#breadcrumb\"},\"inLanguage\":\"fr-FR\",\"potentialAction\":[{\"@type\":\"ReadAction\",\"target\":[\"https:\\\/\\\/hurba.fr\\\/fr\\\/2021\\\/03\\\/02\\\/images-de-marcq-parle-de-nous\\\/\"]}]},{\"@type\":\"ImageObject\",\"inLanguage\":\"fr-FR\",\"@id\":\"https:\\\/\\\/hurba.fr\\\/fr\\\/2021\\\/03\\\/02\\\/images-de-marcq-parle-de-nous\\\/#primaryimage\",\"url\":\"https:\\\/\\\/hurba.fr\\\/wp-content\\\/uploads\\\/2021\\\/03\\\/20210301_IMAGES_DE_MARCQ_Page_7.jpg\",\"contentUrl\":\"https:\\\/\\\/hurba.fr\\\/wp-content\\\/uploads\\\/2021\\\/03\\\/20210301_IMAGES_DE_MARCQ_Page_7.jpg\",\"width\":788,\"height\":1044},{\"@type\":\"BreadcrumbList\",\"@id\":\"https:\\\/\\\/hurba.fr\\\/fr\\\/2021\\\/03\\\/02\\\/images-de-marcq-parle-de-nous\\\/#breadcrumb\",\"itemListElement\":[{\"@type\":\"ListItem\",\"position\":1,\"name\":\"Home\",\"item\":\"https:\\\/\\\/hurba.fr\\\/fr\\\/\"},{\"@type\":\"ListItem\",\"position\":2,\"name\":\"Images de Marcq parle de nous !\"}]},{\"@type\":\"WebSite\",\"@id\":\"https:\\\/\\\/hurba.fr\\\/en\\\/#website\",\"url\":\"https:\\\/\\\/hurba.fr\\\/en\\\/\",\"name\":\"HURBA\",\"description\":\"Psychologie urbaine\",\"potentialAction\":[{\"@type\":\"SearchAction\",\"target\":{\"@type\":\"EntryPoint\",\"urlTemplate\":\"https:\\\/\\\/hurba.fr\\\/en\\\/?s={search_term_string}\"},\"query-input\":{\"@type\":\"PropertyValueSpecification\",\"valueRequired\":true,\"valueName\":\"search_term_string\"}}],\"inLanguage\":\"fr-FR\"},{\"@type\":\"Person\",\"@id\":\"https:\\\/\\\/hurba.fr\\\/en\\\/#\\\/schema\\\/person\\\/0d45517b0e6bbae9665e6d0e13b2d269\",\"name\":\"olivier@ovm-communication.fr\"}]}<\/script>\n<!-- \/ Yoast SEO Premium plugin. -->","yoast_head_json":{"title":"Images de Marcq parle de nous ! - HURBA","description":"R\u00c9HABILITATION DE LA BRIQUETERIE : OBJECTIF 2031. La transformation du quartier de la briqueterie est une opportunit\u00e9 pour am\u00e9liorer la qualit\u00e9 de vie de ses habitants. Un grand merci \u00e0 Madame Dong NGUYEN et \u00e0 Monsieur le Maire, Bernard G\u00c9RARD d'\u00eatre les pr\u00e9curseurs de la mise en \u0153uvre d'une telle \u201cm\u00e9thode de concertation in\u00e9dite dans la m\u00e9tropole\u201d.","robots":{"index":"index","follow":"follow","max-snippet":"max-snippet:-1","max-image-preview":"max-image-preview:large","max-video-preview":"max-video-preview:-1"},"canonical":"https:\/\/hurba.fr\/fr\/2021\/03\/02\/images-de-marcq-parle-de-nous\/","og_locale":"fr_FR","og_type":"article","og_title":"Images de Marcq parle de nous !","og_description":"R\u00c9HABILITATION DE LA BRIQUETERIE : OBJECTIF 2031. La transformation du quartier de la briqueterie est une opportunit\u00e9 pour am\u00e9liorer la qualit\u00e9 de vie de ses habitants. Un grand merci \u00e0 Madame Dong NGUYEN et \u00e0 Monsieur le Maire, Bernard G\u00c9RARD d'\u00eatre les pr\u00e9curseurs de la mise en \u0153uvre d'une telle \u201cm\u00e9thode de concertation in\u00e9dite dans la m\u00e9tropole\u201d.","og_url":"https:\/\/hurba.fr\/fr\/2021\/03\/02\/images-de-marcq-parle-de-nous\/","og_site_name":"HURBA","article_published_time":"2021-03-02T10:37:16+00:00","article_modified_time":"2021-03-02T14:35:45+00:00","og_image":[{"width":788,"height":1044,"url":"https:\/\/hurba.fr\/wp-content\/uploads\/2021\/03\/20210301_IMAGES_DE_MARCQ_Page_7.jpg","type":"image\/jpeg"}],"author":"olivier@ovm-communication.fr","twitter_card":"summary_large_image","twitter_misc":{"\u00c9crit par":"olivier@ovm-communication.fr","Dur\u00e9e de lecture estim\u00e9e":"1 minute"},"schema":{"@context":"https:\/\/schema.org","@graph":[{"@type":"Article","@id":"https:\/\/hurba.fr\/fr\/2021\/03\/02\/images-de-marcq-parle-de-nous\/#article","isPartOf":{"@id":"https:\/\/hurba.fr\/fr\/2021\/03\/02\/images-de-marcq-parle-de-nous\/"},"author":{"name":"olivier@ovm-communication.fr","@id":"https:\/\/hurba.fr\/en\/#\/schema\/person\/0d45517b0e6bbae9665e6d0e13b2d269"},"headline":"Images de Marcq parle de nous !","datePublished":"2021-03-02T10:37:16+00:00","dateModified":"2021-03-02T14:35:45+00:00","mainEntityOfPage":{"@id":"https:\/\/hurba.fr\/fr\/2021\/03\/02\/images-de-marcq-parle-de-nous\/"},"wordCount":138,"image":{"@id":"https:\/\/hurba.fr\/fr\/2021\/03\/02\/images-de-marcq-parle-de-nous\/#primaryimage"},"thumbnailUrl":"https:\/\/hurba.fr\/wp-content\/uploads\/2021\/03\/20210301_IMAGES_DE_MARCQ_Page_7.jpg","articleSection":["Actualit\u00e9s"],"inLanguage":"fr-FR"},{"@type":"WebPage","@id":"https:\/\/hurba.fr\/fr\/2021\/03\/02\/images-de-marcq-parle-de-nous\/","url":"https:\/\/hurba.fr\/fr\/2021\/03\/02\/images-de-marcq-parle-de-nous\/","name":"Images de Marcq parle de nous ! - HURBA","isPartOf":{"@id":"https:\/\/hurba.fr\/en\/#website"},"primaryImageOfPage":{"@id":"https:\/\/hurba.fr\/fr\/2021\/03\/02\/images-de-marcq-parle-de-nous\/#primaryimage"},"image":{"@id":"https:\/\/hurba.fr\/fr\/2021\/03\/02\/images-de-marcq-parle-de-nous\/#primaryimage"},"thumbnailUrl":"https:\/\/hurba.fr\/wp-content\/uploads\/2021\/03\/20210301_IMAGES_DE_MARCQ_Page_7.jpg","datePublished":"2021-03-02T10:37:16+00:00","dateModified":"2021-03-02T14:35:45+00:00","author":{"@id":"https:\/\/hurba.fr\/en\/#\/schema\/person\/0d45517b0e6bbae9665e6d0e13b2d269"},"description":"R\u00c9HABILITATION DE LA BRIQUETERIE : OBJECTIF 2031. La transformation du quartier de la briqueterie est une opportunit\u00e9 pour am\u00e9liorer la qualit\u00e9 de vie de ses habitants. Un grand merci \u00e0 Madame Dong NGUYEN et \u00e0 Monsieur le Maire, Bernard G\u00c9RARD d'\u00eatre les pr\u00e9curseurs de la mise en \u0153uvre d'une telle \u201cm\u00e9thode de concertation in\u00e9dite dans la m\u00e9tropole\u201d.","breadcrumb":{"@id":"https:\/\/hurba.fr\/fr\/2021\/03\/02\/images-de-marcq-parle-de-nous\/#breadcrumb"},"inLanguage":"fr-FR","potentialAction":[{"@type":"ReadAction","target":["https:\/\/hurba.fr\/fr\/2021\/03\/02\/images-de-marcq-parle-de-nous\/"]}]},{"@type":"ImageObject","inLanguage":"fr-FR","@id":"https:\/\/hurba.fr\/fr\/2021\/03\/02\/images-de-marcq-parle-de-nous\/#primaryimage","url":"https:\/\/hurba.fr\/wp-content\/uploads\/2021\/03\/20210301_IMAGES_DE_MARCQ_Page_7.jpg","contentUrl":"https:\/\/hurba.fr\/wp-content\/uploads\/2021\/03\/20210301_IMAGES_DE_MARCQ_Page_7.jpg","width":788,"height":1044},{"@type":"BreadcrumbList","@id":"https:\/\/hurba.fr\/fr\/2021\/03\/02\/images-de-marcq-parle-de-nous\/#breadcrumb","itemListElement":[{"@type":"ListItem","position":1,"name":"Home","item":"https:\/\/hurba.fr\/fr\/"},{"@type":"ListItem","position":2,"name":"Images de Marcq parle de nous !"}]},{"@type":"WebSite","@id":"https:\/\/hurba.fr\/en\/#website","url":"https:\/\/hurba.fr\/en\/","name":"HURBA","description":"Psychologie urbaine","potentialAction":[{"@type":"SearchAction","target":{"@type":"EntryPoint","urlTemplate":"https:\/\/hurba.fr\/en\/?s={search_term_string}"},"query-input":{"@type":"PropertyValueSpecification","valueRequired":true,"valueName":"search_term_string"}}],"inLanguage":"fr-FR"},{"@type":"Person","@id":"https:\/\/hurba.fr\/en\/#\/schema\/person\/0d45517b0e6bbae9665e6d0e13b2d269","name":"olivier@ovm-communication.fr"}]}},"_links":{"self":[{"href":"https:\/\/hurba.fr\/fr\/wp-json\/wp\/v2\/posts\/16949","targetHints":{"allow":["GET"]}}],"collection":[{"href":"https:\/\/hurba.fr\/fr\/wp-json\/wp\/v2\/posts"}],"about":[{"href":"https:\/\/hurba.fr\/fr\/wp-json\/wp\/v2\/types\/post"}],"author":[{"embeddable":true,"href":"https:\/\/hurba.fr\/fr\/wp-json\/wp\/v2\/users\/1"}],"replies":[{"embeddable":true,"href":"https:\/\/hurba.fr\/fr\/wp-json\/wp\/v2\/comments?post=16949"}],"version-history":[{"count":0,"href":"https:\/\/hurba.fr\/fr\/wp-json\/wp\/v2\/posts\/16949\/revisions"}],"wp:featuredmedia":[{"embeddable":true,"href":"https:\/\/hurba.fr\/fr\/wp-json\/wp\/v2\/media\/16956"}],"wp:attachment":[{"href":"https:\/\/hurba.fr\/fr\/wp-json\/wp\/v2\/media?parent=16949"}],"wp:term":[{"taxonomy":"category","embeddable":true,"href":"https:\/\/hurba.fr\/fr\/wp-json\/wp\/v2\/categories?post=16949"},{"taxonomy":"post_tag","embeddable":true,"href":"https:\/\/hurba.fr\/fr\/wp-json\/wp\/v2\/tags?post=16949"}],"curies":[{"name":"wp","href":"https:\/\/api.w.org\/{rel}","templated":true}]}}