{"id":17013,"date":"2022-04-09T09:19:18","date_gmt":"2022-04-09T07:19:18","guid":{"rendered":"https:\/\/hurba.fr\/?p=17013"},"modified":"2022-04-13T10:05:45","modified_gmt":"2022-04-13T08:05:45","slug":"marcq-en-baroeul-le-chantier-de-rehabilitation-de-la-briqueterie-sinstalle-la-semaine-prochaine","status":"publish","type":"post","link":"https:\/\/hurba.fr\/fr\/2022\/04\/09\/marcq-en-baroeul-le-chantier-de-rehabilitation-de-la-briqueterie-sinstalle-la-semaine-prochaine\/","title":{"rendered":"Marcq-en-Bar\u0153ul: le chantier de r\u00e9habilitation de la Briqueterie s\u2019installe la semaine prochaine"},"content":{"rendered":"<div class=\"wpb-content-wrapper\"><p>[vc_row css_animation=\u00a0\u00bb\u00a0\u00bb row_type=\u00a0\u00bbrow\u00a0\u00bb use_row_as_full_screen_section=\u00a0\u00bbno\u00a0\u00bb type=\u00a0\u00bbfull_width\u00a0\u00bb angled_section=\u00a0\u00bbno\u00a0\u00bb text_align=\u00a0\u00bbleft\u00a0\u00bb background_image_as_pattern=\u00a0\u00bbwithout_pattern\u00a0\u00bb][vc_column][\/vc_column][\/vc_row][vc_row css_animation=\u00a0\u00bb\u00a0\u00bb row_type=\u00a0\u00bbrow\u00a0\u00bb use_row_as_full_screen_section=\u00a0\u00bbno\u00a0\u00bb type=\u00a0\u00bbfull_width\u00a0\u00bb angled_section=\u00a0\u00bbno\u00a0\u00bb text_align=\u00a0\u00bbleft\u00a0\u00bb background_image_as_pattern=\u00a0\u00bbwithout_pattern\u00a0\u00bb][vc_column width=\u00a0\u00bb2\/3&Prime;][vc_single_image image=\u00a0\u00bb17023&Prime; img_size=\u00a0\u00bbfull\u00a0\u00bb onclick=\u00a0\u00bbcustom_link\u00a0\u00bb qode_css_animation=\u00a0\u00bb\u00a0\u00bb link=\u00a0\u00bbhttps:\/\/hurba.fr\/wp-content\/uploads\/2022\/04\/20221108_VDN.pdf\u00a0\u00bb][\/vc_column][vc_column width=\u00a0\u00bb1\/3&Prime;][vc_column_text]Lire l&rsquo;article : <a href=\"https:\/\/hurba.fr\/wp-content\/uploads\/2022\/04\/20221108_VDN.pdf\">https:\/\/hurba.fr\/wp-content\/uploads\/2022\/04\/20221108_VDN.pdf<\/a>[\/vc_column_text][\/vc_column][\/vc_row]<\/p>\n<\/div>","protected":false},"excerpt":{"rendered":"<p>Entre construction, d\u00e9molition et r\u00e9habilitation, les travaux du quartier de la Briqueterie commenceront dans les jours \u00e0 venir et s\u2019\u00e9taleront sur 10 ans, en site occup\u00e9.<\/p>\n","protected":false},"author":1,"featured_media":17023,"comment_status":"closed","ping_status":"closed","sticky":false,"template":"","format":"standard","meta":{"footnotes":""},"categories":[3],"tags":[],"class_list":["post-17013","post","type-post","status-publish","format-standard","has-post-thumbnail","hentry","category-actualites"],"yoast_head":"<!-- This site is optimized with the Yoast SEO Premium plugin v22.3 (Yoast SEO v27.4) - https:\/\/yoast.com\/product\/yoast-seo-premium-wordpress\/ -->\n<title>Marcq-en-Bar\u0153ul: le chantier de r\u00e9habilitation de la Briqueterie s\u2019installe la semaine prochaine - HURBA<\/title>\n<meta name=\"description\" content=\"Entre construction, d\u00e9molition et r\u00e9habilitation, les travaux du quartier de la Briqueterie commenceront dans les jours \u00e0 venir et s\u2019\u00e9taleront sur 10 ans, en site occup\u00e9.\" \/>\n<meta name=\"robots\" content=\"index, follow, max-snippet:-1, max-image-preview:large, max-video-preview:-1\" \/>\n<link rel=\"canonical\" href=\"https:\/\/hurba.fr\/fr\/2022\/04\/09\/marcq-en-baroeul-le-chantier-de-rehabilitation-de-la-briqueterie-sinstalle-la-semaine-prochaine\/\" \/>\n<meta property=\"og:locale\" content=\"fr_FR\" \/>\n<meta property=\"og:type\" content=\"article\" \/>\n<meta property=\"og:title\" content=\"Marcq-en-Bar\u0153ul: le chantier de r\u00e9habilitation de la Briqueterie s\u2019installe la semaine prochaine\" \/>\n<meta property=\"og:description\" content=\"Entre construction, d\u00e9molition et r\u00e9habilitation, les travaux du quartier de la Briqueterie commenceront dans les jours \u00e0 venir et s\u2019\u00e9taleront sur 10 ans, en site occup\u00e9.\" \/>\n<meta property=\"og:url\" content=\"https:\/\/hurba.fr\/fr\/2022\/04\/09\/marcq-en-baroeul-le-chantier-de-rehabilitation-de-la-briqueterie-sinstalle-la-semaine-prochaine\/\" \/>\n<meta property=\"og:site_name\" content=\"HURBA\" \/>\n<meta property=\"article:published_time\" content=\"2022-04-09T07:19:18+00:00\" \/>\n<meta property=\"article:modified_time\" content=\"2022-04-13T08:05:45+00:00\" \/>\n<meta property=\"og:image\" content=\"https:\/\/hurba.fr\/wp-content\/uploads\/2022\/04\/20221108_VDN.png\" \/>\n\t<meta property=\"og:image:width\" content=\"835\" \/>\n\t<meta property=\"og:image:height\" content=\"910\" \/>\n\t<meta property=\"og:image:type\" content=\"image\/png\" \/>\n<meta name=\"author\" content=\"olivier@ovm-communication.fr\" \/>\n<meta name=\"twitter:card\" content=\"summary_large_image\" \/>\n<meta name=\"twitter:label1\" content=\"\u00c9crit par\" \/>\n\t<meta name=\"twitter:data1\" content=\"olivier@ovm-communication.fr\" \/>\n\t<meta name=\"twitter:label2\" content=\"Dur\u00e9e de lecture estim\u00e9e\" \/>\n\t<meta name=\"twitter:data2\" content=\"1 minute\" \/>\n<script type=\"application\/ld+json\" class=\"yoast-schema-graph\">{\"@context\":\"https:\\\/\\\/schema.org\",\"@graph\":[{\"@type\":\"Article\",\"@id\":\"https:\\\/\\\/hurba.fr\\\/fr\\\/2022\\\/04\\\/09\\\/marcq-en-baroeul-le-chantier-de-rehabilitation-de-la-briqueterie-sinstalle-la-semaine-prochaine\\\/#article\",\"isPartOf\":{\"@id\":\"https:\\\/\\\/hurba.fr\\\/fr\\\/2022\\\/04\\\/09\\\/marcq-en-baroeul-le-chantier-de-rehabilitation-de-la-briqueterie-sinstalle-la-semaine-prochaine\\\/\"},\"author\":{\"name\":\"olivier@ovm-communication.fr\",\"@id\":\"https:\\\/\\\/hurba.fr\\\/en\\\/#\\\/schema\\\/person\\\/0d45517b0e6bbae9665e6d0e13b2d269\"},\"headline\":\"Marcq-en-Bar\u0153ul: le chantier de r\u00e9habilitation de la Briqueterie s\u2019installe la semaine prochaine\",\"datePublished\":\"2022-04-09T07:19:18+00:00\",\"dateModified\":\"2022-04-13T08:05:45+00:00\",\"mainEntityOfPage\":{\"@id\":\"https:\\\/\\\/hurba.fr\\\/fr\\\/2022\\\/04\\\/09\\\/marcq-en-baroeul-le-chantier-de-rehabilitation-de-la-briqueterie-sinstalle-la-semaine-prochaine\\\/\"},\"wordCount\":128,\"image\":{\"@id\":\"https:\\\/\\\/hurba.fr\\\/fr\\\/2022\\\/04\\\/09\\\/marcq-en-baroeul-le-chantier-de-rehabilitation-de-la-briqueterie-sinstalle-la-semaine-prochaine\\\/#primaryimage\"},\"thumbnailUrl\":\"https:\\\/\\\/hurba.fr\\\/wp-content\\\/uploads\\\/2022\\\/04\\\/20221108_VDN.png\",\"articleSection\":[\"Actualit\u00e9s\"],\"inLanguage\":\"fr-FR\"},{\"@type\":\"WebPage\",\"@id\":\"https:\\\/\\\/hurba.fr\\\/fr\\\/2022\\\/04\\\/09\\\/marcq-en-baroeul-le-chantier-de-rehabilitation-de-la-briqueterie-sinstalle-la-semaine-prochaine\\\/\",\"url\":\"https:\\\/\\\/hurba.fr\\\/fr\\\/2022\\\/04\\\/09\\\/marcq-en-baroeul-le-chantier-de-rehabilitation-de-la-briqueterie-sinstalle-la-semaine-prochaine\\\/\",\"name\":\"Marcq-en-Bar\u0153ul: le chantier de r\u00e9habilitation de la Briqueterie s\u2019installe la semaine prochaine - HURBA\",\"isPartOf\":{\"@id\":\"https:\\\/\\\/hurba.fr\\\/en\\\/#website\"},\"primaryImageOfPage\":{\"@id\":\"https:\\\/\\\/hurba.fr\\\/fr\\\/2022\\\/04\\\/09\\\/marcq-en-baroeul-le-chantier-de-rehabilitation-de-la-briqueterie-sinstalle-la-semaine-prochaine\\\/#primaryimage\"},\"image\":{\"@id\":\"https:\\\/\\\/hurba.fr\\\/fr\\\/2022\\\/04\\\/09\\\/marcq-en-baroeul-le-chantier-de-rehabilitation-de-la-briqueterie-sinstalle-la-semaine-prochaine\\\/#primaryimage\"},\"thumbnailUrl\":\"https:\\\/\\\/hurba.fr\\\/wp-content\\\/uploads\\\/2022\\\/04\\\/20221108_VDN.png\",\"datePublished\":\"2022-04-09T07:19:18+00:00\",\"dateModified\":\"2022-04-13T08:05:45+00:00\",\"author\":{\"@id\":\"https:\\\/\\\/hurba.fr\\\/en\\\/#\\\/schema\\\/person\\\/0d45517b0e6bbae9665e6d0e13b2d269\"},\"description\":\"Entre construction, d\u00e9molition et r\u00e9habilitation, les travaux du quartier de la Briqueterie commenceront dans les jours \u00e0 venir et s\u2019\u00e9taleront sur 10 ans, en site occup\u00e9.\",\"breadcrumb\":{\"@id\":\"https:\\\/\\\/hurba.fr\\\/fr\\\/2022\\\/04\\\/09\\\/marcq-en-baroeul-le-chantier-de-rehabilitation-de-la-briqueterie-sinstalle-la-semaine-prochaine\\\/#breadcrumb\"},\"inLanguage\":\"fr-FR\",\"potentialAction\":[{\"@type\":\"ReadAction\",\"target\":[\"https:\\\/\\\/hurba.fr\\\/fr\\\/2022\\\/04\\\/09\\\/marcq-en-baroeul-le-chantier-de-rehabilitation-de-la-briqueterie-sinstalle-la-semaine-prochaine\\\/\"]}]},{\"@type\":\"ImageObject\",\"inLanguage\":\"fr-FR\",\"@id\":\"https:\\\/\\\/hurba.fr\\\/fr\\\/2022\\\/04\\\/09\\\/marcq-en-baroeul-le-chantier-de-rehabilitation-de-la-briqueterie-sinstalle-la-semaine-prochaine\\\/#primaryimage\",\"url\":\"https:\\\/\\\/hurba.fr\\\/wp-content\\\/uploads\\\/2022\\\/04\\\/20221108_VDN.png\",\"contentUrl\":\"https:\\\/\\\/hurba.fr\\\/wp-content\\\/uploads\\\/2022\\\/04\\\/20221108_VDN.png\",\"width\":835,\"height\":910},{\"@type\":\"BreadcrumbList\",\"@id\":\"https:\\\/\\\/hurba.fr\\\/fr\\\/2022\\\/04\\\/09\\\/marcq-en-baroeul-le-chantier-de-rehabilitation-de-la-briqueterie-sinstalle-la-semaine-prochaine\\\/#breadcrumb\",\"itemListElement\":[{\"@type\":\"ListItem\",\"position\":1,\"name\":\"Home\",\"item\":\"https:\\\/\\\/hurba.fr\\\/fr\\\/\"},{\"@type\":\"ListItem\",\"position\":2,\"name\":\"Marcq-en-Bar\u0153ul: le chantier de r\u00e9habilitation de la Briqueterie s\u2019installe la semaine prochaine\"}]},{\"@type\":\"WebSite\",\"@id\":\"https:\\\/\\\/hurba.fr\\\/en\\\/#website\",\"url\":\"https:\\\/\\\/hurba.fr\\\/en\\\/\",\"name\":\"HURBA\",\"description\":\"Psychologie urbaine\",\"potentialAction\":[{\"@type\":\"SearchAction\",\"target\":{\"@type\":\"EntryPoint\",\"urlTemplate\":\"https:\\\/\\\/hurba.fr\\\/en\\\/?s={search_term_string}\"},\"query-input\":{\"@type\":\"PropertyValueSpecification\",\"valueRequired\":true,\"valueName\":\"search_term_string\"}}],\"inLanguage\":\"fr-FR\"},{\"@type\":\"Person\",\"@id\":\"https:\\\/\\\/hurba.fr\\\/en\\\/#\\\/schema\\\/person\\\/0d45517b0e6bbae9665e6d0e13b2d269\",\"name\":\"olivier@ovm-communication.fr\"}]}<\/script>\n<!-- \/ Yoast SEO Premium plugin. -->","yoast_head_json":{"title":"Marcq-en-Bar\u0153ul: le chantier de r\u00e9habilitation de la Briqueterie s\u2019installe la semaine prochaine - HURBA","description":"Entre construction, d\u00e9molition et r\u00e9habilitation, les travaux du quartier de la Briqueterie commenceront dans les jours \u00e0 venir et s\u2019\u00e9taleront sur 10 ans, en site occup\u00e9.","robots":{"index":"index","follow":"follow","max-snippet":"max-snippet:-1","max-image-preview":"max-image-preview:large","max-video-preview":"max-video-preview:-1"},"canonical":"https:\/\/hurba.fr\/fr\/2022\/04\/09\/marcq-en-baroeul-le-chantier-de-rehabilitation-de-la-briqueterie-sinstalle-la-semaine-prochaine\/","og_locale":"fr_FR","og_type":"article","og_title":"Marcq-en-Bar\u0153ul: le chantier de r\u00e9habilitation de la Briqueterie s\u2019installe la semaine prochaine","og_description":"Entre construction, d\u00e9molition et r\u00e9habilitation, les travaux du quartier de la Briqueterie commenceront dans les jours \u00e0 venir et s\u2019\u00e9taleront sur 10 ans, en site occup\u00e9.","og_url":"https:\/\/hurba.fr\/fr\/2022\/04\/09\/marcq-en-baroeul-le-chantier-de-rehabilitation-de-la-briqueterie-sinstalle-la-semaine-prochaine\/","og_site_name":"HURBA","article_published_time":"2022-04-09T07:19:18+00:00","article_modified_time":"2022-04-13T08:05:45+00:00","og_image":[{"width":835,"height":910,"url":"https:\/\/hurba.fr\/wp-content\/uploads\/2022\/04\/20221108_VDN.png","type":"image\/png"}],"author":"olivier@ovm-communication.fr","twitter_card":"summary_large_image","twitter_misc":{"\u00c9crit par":"olivier@ovm-communication.fr","Dur\u00e9e de lecture estim\u00e9e":"1 minute"},"schema":{"@context":"https:\/\/schema.org","@graph":[{"@type":"Article","@id":"https:\/\/hurba.fr\/fr\/2022\/04\/09\/marcq-en-baroeul-le-chantier-de-rehabilitation-de-la-briqueterie-sinstalle-la-semaine-prochaine\/#article","isPartOf":{"@id":"https:\/\/hurba.fr\/fr\/2022\/04\/09\/marcq-en-baroeul-le-chantier-de-rehabilitation-de-la-briqueterie-sinstalle-la-semaine-prochaine\/"},"author":{"name":"olivier@ovm-communication.fr","@id":"https:\/\/hurba.fr\/en\/#\/schema\/person\/0d45517b0e6bbae9665e6d0e13b2d269"},"headline":"Marcq-en-Bar\u0153ul: le chantier de r\u00e9habilitation de la Briqueterie s\u2019installe la semaine prochaine","datePublished":"2022-04-09T07:19:18+00:00","dateModified":"2022-04-13T08:05:45+00:00","mainEntityOfPage":{"@id":"https:\/\/hurba.fr\/fr\/2022\/04\/09\/marcq-en-baroeul-le-chantier-de-rehabilitation-de-la-briqueterie-sinstalle-la-semaine-prochaine\/"},"wordCount":128,"image":{"@id":"https:\/\/hurba.fr\/fr\/2022\/04\/09\/marcq-en-baroeul-le-chantier-de-rehabilitation-de-la-briqueterie-sinstalle-la-semaine-prochaine\/#primaryimage"},"thumbnailUrl":"https:\/\/hurba.fr\/wp-content\/uploads\/2022\/04\/20221108_VDN.png","articleSection":["Actualit\u00e9s"],"inLanguage":"fr-FR"},{"@type":"WebPage","@id":"https:\/\/hurba.fr\/fr\/2022\/04\/09\/marcq-en-baroeul-le-chantier-de-rehabilitation-de-la-briqueterie-sinstalle-la-semaine-prochaine\/","url":"https:\/\/hurba.fr\/fr\/2022\/04\/09\/marcq-en-baroeul-le-chantier-de-rehabilitation-de-la-briqueterie-sinstalle-la-semaine-prochaine\/","name":"Marcq-en-Bar\u0153ul: le chantier de r\u00e9habilitation de la Briqueterie s\u2019installe la semaine prochaine - HURBA","isPartOf":{"@id":"https:\/\/hurba.fr\/en\/#website"},"primaryImageOfPage":{"@id":"https:\/\/hurba.fr\/fr\/2022\/04\/09\/marcq-en-baroeul-le-chantier-de-rehabilitation-de-la-briqueterie-sinstalle-la-semaine-prochaine\/#primaryimage"},"image":{"@id":"https:\/\/hurba.fr\/fr\/2022\/04\/09\/marcq-en-baroeul-le-chantier-de-rehabilitation-de-la-briqueterie-sinstalle-la-semaine-prochaine\/#primaryimage"},"thumbnailUrl":"https:\/\/hurba.fr\/wp-content\/uploads\/2022\/04\/20221108_VDN.png","datePublished":"2022-04-09T07:19:18+00:00","dateModified":"2022-04-13T08:05:45+00:00","author":{"@id":"https:\/\/hurba.fr\/en\/#\/schema\/person\/0d45517b0e6bbae9665e6d0e13b2d269"},"description":"Entre construction, d\u00e9molition et r\u00e9habilitation, les travaux du quartier de la Briqueterie commenceront dans les jours \u00e0 venir et s\u2019\u00e9taleront sur 10 ans, en site occup\u00e9.","breadcrumb":{"@id":"https:\/\/hurba.fr\/fr\/2022\/04\/09\/marcq-en-baroeul-le-chantier-de-rehabilitation-de-la-briqueterie-sinstalle-la-semaine-prochaine\/#breadcrumb"},"inLanguage":"fr-FR","potentialAction":[{"@type":"ReadAction","target":["https:\/\/hurba.fr\/fr\/2022\/04\/09\/marcq-en-baroeul-le-chantier-de-rehabilitation-de-la-briqueterie-sinstalle-la-semaine-prochaine\/"]}]},{"@type":"ImageObject","inLanguage":"fr-FR","@id":"https:\/\/hurba.fr\/fr\/2022\/04\/09\/marcq-en-baroeul-le-chantier-de-rehabilitation-de-la-briqueterie-sinstalle-la-semaine-prochaine\/#primaryimage","url":"https:\/\/hurba.fr\/wp-content\/uploads\/2022\/04\/20221108_VDN.png","contentUrl":"https:\/\/hurba.fr\/wp-content\/uploads\/2022\/04\/20221108_VDN.png","width":835,"height":910},{"@type":"BreadcrumbList","@id":"https:\/\/hurba.fr\/fr\/2022\/04\/09\/marcq-en-baroeul-le-chantier-de-rehabilitation-de-la-briqueterie-sinstalle-la-semaine-prochaine\/#breadcrumb","itemListElement":[{"@type":"ListItem","position":1,"name":"Home","item":"https:\/\/hurba.fr\/fr\/"},{"@type":"ListItem","position":2,"name":"Marcq-en-Bar\u0153ul: le chantier de r\u00e9habilitation de la Briqueterie s\u2019installe la semaine prochaine"}]},{"@type":"WebSite","@id":"https:\/\/hurba.fr\/en\/#website","url":"https:\/\/hurba.fr\/en\/","name":"HURBA","description":"Psychologie urbaine","potentialAction":[{"@type":"SearchAction","target":{"@type":"EntryPoint","urlTemplate":"https:\/\/hurba.fr\/en\/?s={search_term_string}"},"query-input":{"@type":"PropertyValueSpecification","valueRequired":true,"valueName":"search_term_string"}}],"inLanguage":"fr-FR"},{"@type":"Person","@id":"https:\/\/hurba.fr\/en\/#\/schema\/person\/0d45517b0e6bbae9665e6d0e13b2d269","name":"olivier@ovm-communication.fr"}]}},"_links":{"self":[{"href":"https:\/\/hurba.fr\/fr\/wp-json\/wp\/v2\/posts\/17013","targetHints":{"allow":["GET"]}}],"collection":[{"href":"https:\/\/hurba.fr\/fr\/wp-json\/wp\/v2\/posts"}],"about":[{"href":"https:\/\/hurba.fr\/fr\/wp-json\/wp\/v2\/types\/post"}],"author":[{"embeddable":true,"href":"https:\/\/hurba.fr\/fr\/wp-json\/wp\/v2\/users\/1"}],"replies":[{"embeddable":true,"href":"https:\/\/hurba.fr\/fr\/wp-json\/wp\/v2\/comments?post=17013"}],"version-history":[{"count":0,"href":"https:\/\/hurba.fr\/fr\/wp-json\/wp\/v2\/posts\/17013\/revisions"}],"wp:featuredmedia":[{"embeddable":true,"href":"https:\/\/hurba.fr\/fr\/wp-json\/wp\/v2\/media\/17023"}],"wp:attachment":[{"href":"https:\/\/hurba.fr\/fr\/wp-json\/wp\/v2\/media?parent=17013"}],"wp:term":[{"taxonomy":"category","embeddable":true,"href":"https:\/\/hurba.fr\/fr\/wp-json\/wp\/v2\/categories?post=17013"},{"taxonomy":"post_tag","embeddable":true,"href":"https:\/\/hurba.fr\/fr\/wp-json\/wp\/v2\/tags?post=17013"}],"curies":[{"name":"wp","href":"https:\/\/api.w.org\/{rel}","templated":true}]}}