{"id":17062,"date":"2022-06-18T10:14:10","date_gmt":"2022-06-18T08:14:10","guid":{"rendered":"https:\/\/hurba.fr\/?p=17062"},"modified":"2022-06-18T10:15:08","modified_gmt":"2022-06-18T08:15:08","slug":"le-moniteur-secouter-pour-mieux-construire-ensemble","status":"publish","type":"post","link":"https:\/\/hurba.fr\/fr\/2022\/06\/18\/le-moniteur-secouter-pour-mieux-construire-ensemble\/","title":{"rendered":"[LE MONITEUR] S\u2019\u00e9couter pour mieux construire ensemble"},"content":{"rendered":"<div class=\"wpb-content-wrapper\"><p>[vc_row css_animation=\u00a0\u00bb\u00a0\u00bb row_type=\u00a0\u00bbrow\u00a0\u00bb use_row_as_full_screen_section=\u00a0\u00bbno\u00a0\u00bb type=\u00a0\u00bbfull_width\u00a0\u00bb angled_section=\u00a0\u00bbno\u00a0\u00bb text_align=\u00a0\u00bbleft\u00a0\u00bb background_image_as_pattern=\u00a0\u00bbwithout_pattern\u00a0\u00bb css=\u00a0\u00bb.vc_custom_1655539975193{padding-bottom: 45px !important;}\u00a0\u00bb z_index=\u00a0\u00bb\u00a0\u00bb][vc_column width=\u00a0\u00bb1\/2&Prime;][vc_single_image image=\u00a0\u00bb17066&Prime; img_size=\u00a0\u00bbfull\u00a0\u00bb qode_css_animation=\u00a0\u00bb\u00a0\u00bb][\/vc_column][vc_column width=\u00a0\u00bb1\/2&Prime;][vc_column_text]Entre un projet de logements neufs, la r\u00e9novation d\u2019un quartier, la r\u00e9flexion sur l\u2019avenir d\u2019un territoire ou la cr\u00e9ation d\u2019infrastructures, il existe un d\u00e9nominateur commun, celui constitu\u00e9 par les riverains et les usagers. Si la concertation r\u00e9glementaire pr\u00e9voit l\u2019organisation d\u2019une enqu\u00eate et de r\u00e9unions publiques, d\u2019autres formes plus adapt\u00e9es aux populations concern\u00e9es \u00e9mergent. <em>\u00ab La concertation, au sens du dispositif inscrit dans le code d\u2019urbanisme, est souvent compos\u00e9e de discours technocratiques,<\/em> estime C\u00e9cile Sornin, adjointe au maire de Mulhouse d\u00e9l\u00e9gu\u00e9e \u00e0 la vie citoyenne. <em>Elle devient un alibi alors que des craintes l\u00e9gitimes peuvent \u00eatre \u00e9prouv\u00e9es par les \u00e9lus, les services techniques et bien \u00e9videmment les habitants, qui, eux, redoutent des effets n\u00e9gatifs sur leur quotidien. Or, il est essentiel de se parler le plus t\u00f4t possible et de semer des \u00e9l\u00e9ments de confiance. \u00bb<\/em>[\/vc_column_text][vc_separator type=\u00a0\u00bbtransparent\u00a0\u00bb][vc_column_text]Pour lire la suite de l&rsquo;article, cliquez ici : <a href=\"https:\/\/www.lemoniteur.fr\/article\/s-ecouter-pour-mieux-construire-ensemble.2211117\" target=\"_blank\" rel=\"noopener\">https:\/\/www.lemoniteur.fr\/article\/s-ecouter-pour-mieux-construire-ensemble.2211117<\/a>[\/vc_column_text][\/vc_column][\/vc_row][vc_row css_animation=\u00a0\u00bb\u00a0\u00bb row_type=\u00a0\u00bbrow\u00a0\u00bb use_row_as_full_screen_section=\u00a0\u00bbno\u00a0\u00bb type=\u00a0\u00bbfull_width\u00a0\u00bb angled_section=\u00a0\u00bbno\u00a0\u00bb text_align=\u00a0\u00bbleft\u00a0\u00bb background_image_as_pattern=\u00a0\u00bbwithout_pattern\u00a0\u00bb css=\u00a0\u00bb.vc_custom_1655539975193{padding-bottom: 45px !important;}\u00a0\u00bb z_index=\u00a0\u00bb\u00a0\u00bb][vc_column][\/vc_column][\/vc_row]<\/p>\n<\/div>","protected":false},"excerpt":{"rendered":"<p>[ARTICLE] Acteurs publics et priv\u00e9s ont de plus en plus recours \u00e0 la concertation extra r\u00e9glementaire avec les usagers et riverains. Une d\u00e9marche qui exige de d\u00e9finir des limites, une m\u00e9thode et des outils.<\/p>\n","protected":false},"author":1,"featured_media":17064,"comment_status":"closed","ping_status":"closed","sticky":false,"template":"","format":"standard","meta":{"footnotes":""},"categories":[3],"tags":[],"class_list":["post-17062","post","type-post","status-publish","format-standard","has-post-thumbnail","hentry","category-actualites"],"yoast_head":"<!-- This site is optimized with the Yoast SEO Premium plugin v22.3 (Yoast SEO v27.4) - https:\/\/yoast.com\/product\/yoast-seo-premium-wordpress\/ -->\n<title>[LE MONITEUR] S\u2019\u00e9couter pour mieux construire ensemble - HURBA<\/title>\n<meta name=\"description\" content=\"Acteurs publics et priv\u00e9s ont de plus en plus recours \u00e0 la concertation extrar\u00e9glementaire avec les usagerset riverains. Une d\u00e9marche qui exige de d\u00e9finirdes limites, une m\u00e9thode et des outils.\" \/>\n<meta name=\"robots\" content=\"index, follow, max-snippet:-1, max-image-preview:large, max-video-preview:-1\" \/>\n<link rel=\"canonical\" href=\"https:\/\/hurba.fr\/fr\/2022\/06\/18\/le-moniteur-secouter-pour-mieux-construire-ensemble\/\" \/>\n<meta property=\"og:locale\" content=\"fr_FR\" \/>\n<meta property=\"og:type\" content=\"article\" \/>\n<meta property=\"og:title\" content=\"[LE MONITEUR] S\u2019\u00e9couter pour mieux construire ensemble\" \/>\n<meta property=\"og:description\" content=\"Acteurs publics et priv\u00e9s ont de plus en plus recours \u00e0 la concertation extrar\u00e9glementaire avec les usagerset riverains. Une d\u00e9marche qui exige de d\u00e9finirdes limites, une m\u00e9thode et des outils.\" \/>\n<meta property=\"og:url\" content=\"https:\/\/hurba.fr\/fr\/2022\/06\/18\/le-moniteur-secouter-pour-mieux-construire-ensemble\/\" \/>\n<meta property=\"og:site_name\" content=\"HURBA\" \/>\n<meta property=\"article:published_time\" content=\"2022-06-18T08:14:10+00:00\" \/>\n<meta property=\"article:modified_time\" content=\"2022-06-18T08:15:08+00:00\" \/>\n<meta property=\"og:image\" content=\"https:\/\/hurba.fr\/wp-content\/uploads\/2022\/06\/Le-moniteur-1.jpg\" \/>\n\t<meta property=\"og:image:width\" content=\"1000\" \/>\n\t<meta property=\"og:image:height\" content=\"703\" \/>\n\t<meta property=\"og:image:type\" content=\"image\/jpeg\" \/>\n<meta name=\"author\" content=\"olivier@ovm-communication.fr\" \/>\n<meta name=\"twitter:card\" content=\"summary_large_image\" \/>\n<meta name=\"twitter:label1\" content=\"\u00c9crit par\" \/>\n\t<meta name=\"twitter:data1\" content=\"olivier@ovm-communication.fr\" \/>\n\t<meta name=\"twitter:label2\" content=\"Dur\u00e9e de lecture estim\u00e9e\" \/>\n\t<meta name=\"twitter:data2\" content=\"1 minute\" \/>\n<script type=\"application\/ld+json\" class=\"yoast-schema-graph\">{\"@context\":\"https:\\\/\\\/schema.org\",\"@graph\":[{\"@type\":\"Article\",\"@id\":\"https:\\\/\\\/hurba.fr\\\/fr\\\/2022\\\/06\\\/18\\\/le-moniteur-secouter-pour-mieux-construire-ensemble\\\/#article\",\"isPartOf\":{\"@id\":\"https:\\\/\\\/hurba.fr\\\/fr\\\/2022\\\/06\\\/18\\\/le-moniteur-secouter-pour-mieux-construire-ensemble\\\/\"},\"author\":{\"name\":\"olivier@ovm-communication.fr\",\"@id\":\"https:\\\/\\\/hurba.fr\\\/en\\\/#\\\/schema\\\/person\\\/0d45517b0e6bbae9665e6d0e13b2d269\"},\"headline\":\"[LE MONITEUR] S\u2019\u00e9couter pour mieux construire ensemble\",\"datePublished\":\"2022-06-18T08:14:10+00:00\",\"dateModified\":\"2022-06-18T08:15:08+00:00\",\"mainEntityOfPage\":{\"@id\":\"https:\\\/\\\/hurba.fr\\\/fr\\\/2022\\\/06\\\/18\\\/le-moniteur-secouter-pour-mieux-construire-ensemble\\\/\"},\"wordCount\":301,\"image\":{\"@id\":\"https:\\\/\\\/hurba.fr\\\/fr\\\/2022\\\/06\\\/18\\\/le-moniteur-secouter-pour-mieux-construire-ensemble\\\/#primaryimage\"},\"thumbnailUrl\":\"https:\\\/\\\/hurba.fr\\\/wp-content\\\/uploads\\\/2022\\\/06\\\/Le-moniteur-1.jpg\",\"articleSection\":[\"Actualit\u00e9s\"],\"inLanguage\":\"fr-FR\"},{\"@type\":\"WebPage\",\"@id\":\"https:\\\/\\\/hurba.fr\\\/fr\\\/2022\\\/06\\\/18\\\/le-moniteur-secouter-pour-mieux-construire-ensemble\\\/\",\"url\":\"https:\\\/\\\/hurba.fr\\\/fr\\\/2022\\\/06\\\/18\\\/le-moniteur-secouter-pour-mieux-construire-ensemble\\\/\",\"name\":\"[LE MONITEUR] S\u2019\u00e9couter pour mieux construire ensemble - HURBA\",\"isPartOf\":{\"@id\":\"https:\\\/\\\/hurba.fr\\\/en\\\/#website\"},\"primaryImageOfPage\":{\"@id\":\"https:\\\/\\\/hurba.fr\\\/fr\\\/2022\\\/06\\\/18\\\/le-moniteur-secouter-pour-mieux-construire-ensemble\\\/#primaryimage\"},\"image\":{\"@id\":\"https:\\\/\\\/hurba.fr\\\/fr\\\/2022\\\/06\\\/18\\\/le-moniteur-secouter-pour-mieux-construire-ensemble\\\/#primaryimage\"},\"thumbnailUrl\":\"https:\\\/\\\/hurba.fr\\\/wp-content\\\/uploads\\\/2022\\\/06\\\/Le-moniteur-1.jpg\",\"datePublished\":\"2022-06-18T08:14:10+00:00\",\"dateModified\":\"2022-06-18T08:15:08+00:00\",\"author\":{\"@id\":\"https:\\\/\\\/hurba.fr\\\/en\\\/#\\\/schema\\\/person\\\/0d45517b0e6bbae9665e6d0e13b2d269\"},\"description\":\"Acteurs publics et priv\u00e9s ont de plus en plus recours \u00e0 la concertation extrar\u00e9glementaire avec les usagerset riverains. Une d\u00e9marche qui exige de d\u00e9finirdes limites, une m\u00e9thode et des outils.\",\"breadcrumb\":{\"@id\":\"https:\\\/\\\/hurba.fr\\\/fr\\\/2022\\\/06\\\/18\\\/le-moniteur-secouter-pour-mieux-construire-ensemble\\\/#breadcrumb\"},\"inLanguage\":\"fr-FR\",\"potentialAction\":[{\"@type\":\"ReadAction\",\"target\":[\"https:\\\/\\\/hurba.fr\\\/fr\\\/2022\\\/06\\\/18\\\/le-moniteur-secouter-pour-mieux-construire-ensemble\\\/\"]}]},{\"@type\":\"ImageObject\",\"inLanguage\":\"fr-FR\",\"@id\":\"https:\\\/\\\/hurba.fr\\\/fr\\\/2022\\\/06\\\/18\\\/le-moniteur-secouter-pour-mieux-construire-ensemble\\\/#primaryimage\",\"url\":\"https:\\\/\\\/hurba.fr\\\/wp-content\\\/uploads\\\/2022\\\/06\\\/Le-moniteur-1.jpg\",\"contentUrl\":\"https:\\\/\\\/hurba.fr\\\/wp-content\\\/uploads\\\/2022\\\/06\\\/Le-moniteur-1.jpg\",\"width\":1000,\"height\":703},{\"@type\":\"BreadcrumbList\",\"@id\":\"https:\\\/\\\/hurba.fr\\\/fr\\\/2022\\\/06\\\/18\\\/le-moniteur-secouter-pour-mieux-construire-ensemble\\\/#breadcrumb\",\"itemListElement\":[{\"@type\":\"ListItem\",\"position\":1,\"name\":\"Home\",\"item\":\"https:\\\/\\\/hurba.fr\\\/fr\\\/\"},{\"@type\":\"ListItem\",\"position\":2,\"name\":\"[LE MONITEUR] S\u2019\u00e9couter pour mieux construire ensemble\"}]},{\"@type\":\"WebSite\",\"@id\":\"https:\\\/\\\/hurba.fr\\\/en\\\/#website\",\"url\":\"https:\\\/\\\/hurba.fr\\\/en\\\/\",\"name\":\"HURBA\",\"description\":\"Psychologie urbaine\",\"potentialAction\":[{\"@type\":\"SearchAction\",\"target\":{\"@type\":\"EntryPoint\",\"urlTemplate\":\"https:\\\/\\\/hurba.fr\\\/en\\\/?s={search_term_string}\"},\"query-input\":{\"@type\":\"PropertyValueSpecification\",\"valueRequired\":true,\"valueName\":\"search_term_string\"}}],\"inLanguage\":\"fr-FR\"},{\"@type\":\"Person\",\"@id\":\"https:\\\/\\\/hurba.fr\\\/en\\\/#\\\/schema\\\/person\\\/0d45517b0e6bbae9665e6d0e13b2d269\",\"name\":\"olivier@ovm-communication.fr\"}]}<\/script>\n<!-- \/ Yoast SEO Premium plugin. -->","yoast_head_json":{"title":"[LE MONITEUR] S\u2019\u00e9couter pour mieux construire ensemble - HURBA","description":"Acteurs publics et priv\u00e9s ont de plus en plus recours \u00e0 la concertation extrar\u00e9glementaire avec les usagerset riverains. Une d\u00e9marche qui exige de d\u00e9finirdes limites, une m\u00e9thode et des outils.","robots":{"index":"index","follow":"follow","max-snippet":"max-snippet:-1","max-image-preview":"max-image-preview:large","max-video-preview":"max-video-preview:-1"},"canonical":"https:\/\/hurba.fr\/fr\/2022\/06\/18\/le-moniteur-secouter-pour-mieux-construire-ensemble\/","og_locale":"fr_FR","og_type":"article","og_title":"[LE MONITEUR] S\u2019\u00e9couter pour mieux construire ensemble","og_description":"Acteurs publics et priv\u00e9s ont de plus en plus recours \u00e0 la concertation extrar\u00e9glementaire avec les usagerset riverains. Une d\u00e9marche qui exige de d\u00e9finirdes limites, une m\u00e9thode et des outils.","og_url":"https:\/\/hurba.fr\/fr\/2022\/06\/18\/le-moniteur-secouter-pour-mieux-construire-ensemble\/","og_site_name":"HURBA","article_published_time":"2022-06-18T08:14:10+00:00","article_modified_time":"2022-06-18T08:15:08+00:00","og_image":[{"width":1000,"height":703,"url":"https:\/\/hurba.fr\/wp-content\/uploads\/2022\/06\/Le-moniteur-1.jpg","type":"image\/jpeg"}],"author":"olivier@ovm-communication.fr","twitter_card":"summary_large_image","twitter_misc":{"\u00c9crit par":"olivier@ovm-communication.fr","Dur\u00e9e de lecture estim\u00e9e":"1 minute"},"schema":{"@context":"https:\/\/schema.org","@graph":[{"@type":"Article","@id":"https:\/\/hurba.fr\/fr\/2022\/06\/18\/le-moniteur-secouter-pour-mieux-construire-ensemble\/#article","isPartOf":{"@id":"https:\/\/hurba.fr\/fr\/2022\/06\/18\/le-moniteur-secouter-pour-mieux-construire-ensemble\/"},"author":{"name":"olivier@ovm-communication.fr","@id":"https:\/\/hurba.fr\/en\/#\/schema\/person\/0d45517b0e6bbae9665e6d0e13b2d269"},"headline":"[LE MONITEUR] S\u2019\u00e9couter pour mieux construire ensemble","datePublished":"2022-06-18T08:14:10+00:00","dateModified":"2022-06-18T08:15:08+00:00","mainEntityOfPage":{"@id":"https:\/\/hurba.fr\/fr\/2022\/06\/18\/le-moniteur-secouter-pour-mieux-construire-ensemble\/"},"wordCount":301,"image":{"@id":"https:\/\/hurba.fr\/fr\/2022\/06\/18\/le-moniteur-secouter-pour-mieux-construire-ensemble\/#primaryimage"},"thumbnailUrl":"https:\/\/hurba.fr\/wp-content\/uploads\/2022\/06\/Le-moniteur-1.jpg","articleSection":["Actualit\u00e9s"],"inLanguage":"fr-FR"},{"@type":"WebPage","@id":"https:\/\/hurba.fr\/fr\/2022\/06\/18\/le-moniteur-secouter-pour-mieux-construire-ensemble\/","url":"https:\/\/hurba.fr\/fr\/2022\/06\/18\/le-moniteur-secouter-pour-mieux-construire-ensemble\/","name":"[LE MONITEUR] S\u2019\u00e9couter pour mieux construire ensemble - HURBA","isPartOf":{"@id":"https:\/\/hurba.fr\/en\/#website"},"primaryImageOfPage":{"@id":"https:\/\/hurba.fr\/fr\/2022\/06\/18\/le-moniteur-secouter-pour-mieux-construire-ensemble\/#primaryimage"},"image":{"@id":"https:\/\/hurba.fr\/fr\/2022\/06\/18\/le-moniteur-secouter-pour-mieux-construire-ensemble\/#primaryimage"},"thumbnailUrl":"https:\/\/hurba.fr\/wp-content\/uploads\/2022\/06\/Le-moniteur-1.jpg","datePublished":"2022-06-18T08:14:10+00:00","dateModified":"2022-06-18T08:15:08+00:00","author":{"@id":"https:\/\/hurba.fr\/en\/#\/schema\/person\/0d45517b0e6bbae9665e6d0e13b2d269"},"description":"Acteurs publics et priv\u00e9s ont de plus en plus recours \u00e0 la concertation extrar\u00e9glementaire avec les usagerset riverains. Une d\u00e9marche qui exige de d\u00e9finirdes limites, une m\u00e9thode et des outils.","breadcrumb":{"@id":"https:\/\/hurba.fr\/fr\/2022\/06\/18\/le-moniteur-secouter-pour-mieux-construire-ensemble\/#breadcrumb"},"inLanguage":"fr-FR","potentialAction":[{"@type":"ReadAction","target":["https:\/\/hurba.fr\/fr\/2022\/06\/18\/le-moniteur-secouter-pour-mieux-construire-ensemble\/"]}]},{"@type":"ImageObject","inLanguage":"fr-FR","@id":"https:\/\/hurba.fr\/fr\/2022\/06\/18\/le-moniteur-secouter-pour-mieux-construire-ensemble\/#primaryimage","url":"https:\/\/hurba.fr\/wp-content\/uploads\/2022\/06\/Le-moniteur-1.jpg","contentUrl":"https:\/\/hurba.fr\/wp-content\/uploads\/2022\/06\/Le-moniteur-1.jpg","width":1000,"height":703},{"@type":"BreadcrumbList","@id":"https:\/\/hurba.fr\/fr\/2022\/06\/18\/le-moniteur-secouter-pour-mieux-construire-ensemble\/#breadcrumb","itemListElement":[{"@type":"ListItem","position":1,"name":"Home","item":"https:\/\/hurba.fr\/fr\/"},{"@type":"ListItem","position":2,"name":"[LE MONITEUR] S\u2019\u00e9couter pour mieux construire ensemble"}]},{"@type":"WebSite","@id":"https:\/\/hurba.fr\/en\/#website","url":"https:\/\/hurba.fr\/en\/","name":"HURBA","description":"Psychologie urbaine","potentialAction":[{"@type":"SearchAction","target":{"@type":"EntryPoint","urlTemplate":"https:\/\/hurba.fr\/en\/?s={search_term_string}"},"query-input":{"@type":"PropertyValueSpecification","valueRequired":true,"valueName":"search_term_string"}}],"inLanguage":"fr-FR"},{"@type":"Person","@id":"https:\/\/hurba.fr\/en\/#\/schema\/person\/0d45517b0e6bbae9665e6d0e13b2d269","name":"olivier@ovm-communication.fr"}]}},"_links":{"self":[{"href":"https:\/\/hurba.fr\/fr\/wp-json\/wp\/v2\/posts\/17062","targetHints":{"allow":["GET"]}}],"collection":[{"href":"https:\/\/hurba.fr\/fr\/wp-json\/wp\/v2\/posts"}],"about":[{"href":"https:\/\/hurba.fr\/fr\/wp-json\/wp\/v2\/types\/post"}],"author":[{"embeddable":true,"href":"https:\/\/hurba.fr\/fr\/wp-json\/wp\/v2\/users\/1"}],"replies":[{"embeddable":true,"href":"https:\/\/hurba.fr\/fr\/wp-json\/wp\/v2\/comments?post=17062"}],"version-history":[{"count":0,"href":"https:\/\/hurba.fr\/fr\/wp-json\/wp\/v2\/posts\/17062\/revisions"}],"wp:featuredmedia":[{"embeddable":true,"href":"https:\/\/hurba.fr\/fr\/wp-json\/wp\/v2\/media\/17064"}],"wp:attachment":[{"href":"https:\/\/hurba.fr\/fr\/wp-json\/wp\/v2\/media?parent=17062"}],"wp:term":[{"taxonomy":"category","embeddable":true,"href":"https:\/\/hurba.fr\/fr\/wp-json\/wp\/v2\/categories?post=17062"},{"taxonomy":"post_tag","embeddable":true,"href":"https:\/\/hurba.fr\/fr\/wp-json\/wp\/v2\/tags?post=17062"}],"curies":[{"name":"wp","href":"https:\/\/api.w.org\/{rel}","templated":true}]}}