{"id":17091,"date":"2023-01-11T12:59:18","date_gmt":"2023-01-11T11:59:18","guid":{"rendered":"https:\/\/hurba.fr\/?p=17091"},"modified":"2023-01-11T13:00:35","modified_gmt":"2023-01-11T12:00:35","slug":"lecoute-des-habitants-est-la-cle","status":"publish","type":"post","link":"https:\/\/hurba.fr\/fr\/2023\/01\/11\/lecoute-des-habitants-est-la-cle\/","title":{"rendered":"\u00ab\u00a0L&rsquo;\u00e9coute des habitants est la cl\u00e9\u00a0\u00bb"},"content":{"rendered":"<div class=\"wpb-content-wrapper\"><p>[vc_row css_animation=\u00a0\u00bb\u00a0\u00bb row_type=\u00a0\u00bbrow\u00a0\u00bb use_row_as_full_screen_section=\u00a0\u00bbno\u00a0\u00bb type=\u00a0\u00bbfull_width\u00a0\u00bb angled_section=\u00a0\u00bbno\u00a0\u00bb text_align=\u00a0\u00bbleft\u00a0\u00bb background_image_as_pattern=\u00a0\u00bbwithout_pattern\u00a0\u00bb css=\u00a0\u00bb.vc_custom_1655539975193{padding-bottom: 45px !important;}\u00a0\u00bb z_index=\u00a0\u00bb\u00a0\u00bb][vc_column width=\u00a0\u00bb1\/2&Prime;][vc_single_image image=\u00a0\u00bb17093&Prime; img_size=\u00a0\u00bbfull\u00a0\u00bb qode_css_animation=\u00a0\u00bb\u00a0\u00bb][\/vc_column][vc_column width=\u00a0\u00bb1\/2&Prime;][vc_column_text]Fondatrice d\u2019Hurba, premier cabinet de psychologie urbaine fran\u00e7ais en 2016, Barbara Attia a aussi souhait\u00e9 d\u00e9velopper un outil novateur, l\u2019Observatoire Sant\u00e9 et Qualit\u00e9 de Vie Urbaine. Test\u00e9 d\u00e9but 2022 sur un \u00e9chantillon de plus de 3 000 personnes, l\u2019Observatoire Sant\u00e9 et Qualit\u00e9 de Vie Urbaine aboutira \u00e0 un Label \u00ab Cit\u00e9 Heureuse \u00bb. Rencontre&#8230;[\/vc_column_text][vc_separator type=\u00a0\u00bbtransparent\u00a0\u00bb][vc_column_text]Pour lire l&rsquo;article cliquez ici : <a href=\"https:\/\/infos.trouver-un-logement-neuf.com\/achat-neuf\/interviews\/barbara-attia-psychologue-urbaine-9509.html\" target=\"_blank\" rel=\"noopener\">https:\/\/infos.trouver-un-logement-neuf.com\/achat-neuf\/interviews\/barbara-attia-psychologue-urbaine-9509.html<\/a>[\/vc_column_text][\/vc_column][\/vc_row][vc_row css_animation=\u00a0\u00bb\u00a0\u00bb row_type=\u00a0\u00bbrow\u00a0\u00bb use_row_as_full_screen_section=\u00a0\u00bbno\u00a0\u00bb type=\u00a0\u00bbfull_width\u00a0\u00bb angled_section=\u00a0\u00bbno\u00a0\u00bb text_align=\u00a0\u00bbleft\u00a0\u00bb background_image_as_pattern=\u00a0\u00bbwithout_pattern\u00a0\u00bb css=\u00a0\u00bb.vc_custom_1655539975193{padding-bottom: 45px !important;}\u00a0\u00bb z_index=\u00a0\u00bb\u00a0\u00bb][vc_column][\/vc_column][\/vc_row]<\/p>\n<\/div>","protected":false},"excerpt":{"rendered":"<p>Fondatrice d\u2019Hurba, premier cabinet de psychologie urbaine fran\u00e7ais en 2016, Barbara Attia a aussi souhait\u00e9 d\u00e9velopper un outil novateur, l\u2019Observatoire Sant\u00e9 et Qualit\u00e9 de Vie Urbaine. Test\u00e9 d\u00e9but 2022 sur un \u00e9chantillon de plus de 3 000 personnes, l\u2019Observatoire Sant\u00e9 et Qualit\u00e9 de Vie Urbaine aboutira \u00e0 un Label \u00ab Cit\u00e9 Heureuse \u00bb. Rencontre&#8230;<\/p>\n","protected":false},"author":1,"featured_media":17093,"comment_status":"closed","ping_status":"closed","sticky":false,"template":"","format":"standard","meta":{"footnotes":""},"categories":[3],"tags":[],"class_list":["post-17091","post","type-post","status-publish","format-standard","has-post-thumbnail","hentry","category-actualites"],"yoast_head":"<!-- This site is optimized with the Yoast SEO Premium plugin v22.3 (Yoast SEO v27.4) - https:\/\/yoast.com\/product\/yoast-seo-premium-wordpress\/ -->\n<title>&quot;L&#039;\u00e9coute des habitants est la cl\u00e9&quot; - HURBA<\/title>\n<meta name=\"description\" content=\"Fondatrice d\u2019Hurba, premier cabinet de psychologie urbaine fran\u00e7ais en 2016, Barbara Attia a aussi souhait\u00e9 d\u00e9velopper un outil novateur, l\u2019Observatoire Sant\u00e9 et Qualit\u00e9 de Vie Urbaine. Test\u00e9 d\u00e9but 2022 sur un \u00e9chantillon de plus de 3 000 personnes, l\u2019Observatoire Sant\u00e9 et Qualit\u00e9 de Vie Urbaine aboutira \u00e0 un Label \u00ab Cit\u00e9 Heureuse \u00bb. Rencontre...\" \/>\n<meta name=\"robots\" content=\"index, follow, max-snippet:-1, max-image-preview:large, max-video-preview:-1\" \/>\n<link rel=\"canonical\" href=\"https:\/\/hurba.fr\/fr\/2023\/01\/11\/lecoute-des-habitants-est-la-cle\/\" \/>\n<meta property=\"og:locale\" content=\"fr_FR\" \/>\n<meta property=\"og:type\" content=\"article\" \/>\n<meta property=\"og:title\" content=\"&quot;L&#039;\u00e9coute des habitants est la cl\u00e9&quot;\" \/>\n<meta property=\"og:description\" content=\"Fondatrice d\u2019Hurba, premier cabinet de psychologie urbaine fran\u00e7ais en 2016, Barbara Attia a aussi souhait\u00e9 d\u00e9velopper un outil novateur, l\u2019Observatoire Sant\u00e9 et Qualit\u00e9 de Vie Urbaine. Test\u00e9 d\u00e9but 2022 sur un \u00e9chantillon de plus de 3 000 personnes, l\u2019Observatoire Sant\u00e9 et Qualit\u00e9 de Vie Urbaine aboutira \u00e0 un Label \u00ab Cit\u00e9 Heureuse \u00bb. Rencontre...\" \/>\n<meta property=\"og:url\" content=\"https:\/\/hurba.fr\/fr\/2023\/01\/11\/lecoute-des-habitants-est-la-cle\/\" \/>\n<meta property=\"og:site_name\" content=\"HURBA\" \/>\n<meta property=\"article:published_time\" content=\"2023-01-11T11:59:18+00:00\" \/>\n<meta property=\"article:modified_time\" content=\"2023-01-11T12:00:35+00:00\" \/>\n<meta property=\"og:image\" content=\"https:\/\/hurba.fr\/wp-content\/uploads\/2023\/01\/Barbara.jpg\" \/>\n\t<meta property=\"og:image:width\" content=\"1210\" \/>\n\t<meta property=\"og:image:height\" content=\"986\" \/>\n\t<meta property=\"og:image:type\" content=\"image\/jpeg\" \/>\n<meta name=\"author\" content=\"olivier@ovm-communication.fr\" \/>\n<meta name=\"twitter:card\" content=\"summary_large_image\" \/>\n<meta name=\"twitter:label1\" content=\"\u00c9crit par\" \/>\n\t<meta name=\"twitter:data1\" content=\"olivier@ovm-communication.fr\" \/>\n\t<meta name=\"twitter:label2\" content=\"Dur\u00e9e de lecture estim\u00e9e\" \/>\n\t<meta name=\"twitter:data2\" content=\"1 minute\" \/>\n<script type=\"application\/ld+json\" class=\"yoast-schema-graph\">{\"@context\":\"https:\\\/\\\/schema.org\",\"@graph\":[{\"@type\":\"Article\",\"@id\":\"https:\\\/\\\/hurba.fr\\\/fr\\\/2023\\\/01\\\/11\\\/lecoute-des-habitants-est-la-cle\\\/#article\",\"isPartOf\":{\"@id\":\"https:\\\/\\\/hurba.fr\\\/fr\\\/2023\\\/01\\\/11\\\/lecoute-des-habitants-est-la-cle\\\/\"},\"author\":{\"name\":\"olivier@ovm-communication.fr\",\"@id\":\"https:\\\/\\\/hurba.fr\\\/en\\\/#\\\/schema\\\/person\\\/0d45517b0e6bbae9665e6d0e13b2d269\"},\"headline\":\"\u00ab\u00a0L&rsquo;\u00e9coute des habitants est la cl\u00e9\u00a0\u00bb\",\"datePublished\":\"2023-01-11T11:59:18+00:00\",\"dateModified\":\"2023-01-11T12:00:35+00:00\",\"mainEntityOfPage\":{\"@id\":\"https:\\\/\\\/hurba.fr\\\/fr\\\/2023\\\/01\\\/11\\\/lecoute-des-habitants-est-la-cle\\\/\"},\"wordCount\":192,\"image\":{\"@id\":\"https:\\\/\\\/hurba.fr\\\/fr\\\/2023\\\/01\\\/11\\\/lecoute-des-habitants-est-la-cle\\\/#primaryimage\"},\"thumbnailUrl\":\"https:\\\/\\\/hurba.fr\\\/wp-content\\\/uploads\\\/2023\\\/01\\\/Barbara.jpg\",\"articleSection\":[\"Actualit\u00e9s\"],\"inLanguage\":\"fr-FR\"},{\"@type\":\"WebPage\",\"@id\":\"https:\\\/\\\/hurba.fr\\\/fr\\\/2023\\\/01\\\/11\\\/lecoute-des-habitants-est-la-cle\\\/\",\"url\":\"https:\\\/\\\/hurba.fr\\\/fr\\\/2023\\\/01\\\/11\\\/lecoute-des-habitants-est-la-cle\\\/\",\"name\":\"\\\"L'\u00e9coute des habitants est la cl\u00e9\\\" - HURBA\",\"isPartOf\":{\"@id\":\"https:\\\/\\\/hurba.fr\\\/en\\\/#website\"},\"primaryImageOfPage\":{\"@id\":\"https:\\\/\\\/hurba.fr\\\/fr\\\/2023\\\/01\\\/11\\\/lecoute-des-habitants-est-la-cle\\\/#primaryimage\"},\"image\":{\"@id\":\"https:\\\/\\\/hurba.fr\\\/fr\\\/2023\\\/01\\\/11\\\/lecoute-des-habitants-est-la-cle\\\/#primaryimage\"},\"thumbnailUrl\":\"https:\\\/\\\/hurba.fr\\\/wp-content\\\/uploads\\\/2023\\\/01\\\/Barbara.jpg\",\"datePublished\":\"2023-01-11T11:59:18+00:00\",\"dateModified\":\"2023-01-11T12:00:35+00:00\",\"author\":{\"@id\":\"https:\\\/\\\/hurba.fr\\\/en\\\/#\\\/schema\\\/person\\\/0d45517b0e6bbae9665e6d0e13b2d269\"},\"description\":\"Fondatrice d\u2019Hurba, premier cabinet de psychologie urbaine fran\u00e7ais en 2016, Barbara Attia a aussi souhait\u00e9 d\u00e9velopper un outil novateur, l\u2019Observatoire Sant\u00e9 et Qualit\u00e9 de Vie Urbaine. Test\u00e9 d\u00e9but 2022 sur un \u00e9chantillon de plus de 3 000 personnes, l\u2019Observatoire Sant\u00e9 et Qualit\u00e9 de Vie Urbaine aboutira \u00e0 un Label \u00ab Cit\u00e9 Heureuse \u00bb. Rencontre...\",\"breadcrumb\":{\"@id\":\"https:\\\/\\\/hurba.fr\\\/fr\\\/2023\\\/01\\\/11\\\/lecoute-des-habitants-est-la-cle\\\/#breadcrumb\"},\"inLanguage\":\"fr-FR\",\"potentialAction\":[{\"@type\":\"ReadAction\",\"target\":[\"https:\\\/\\\/hurba.fr\\\/fr\\\/2023\\\/01\\\/11\\\/lecoute-des-habitants-est-la-cle\\\/\"]}]},{\"@type\":\"ImageObject\",\"inLanguage\":\"fr-FR\",\"@id\":\"https:\\\/\\\/hurba.fr\\\/fr\\\/2023\\\/01\\\/11\\\/lecoute-des-habitants-est-la-cle\\\/#primaryimage\",\"url\":\"https:\\\/\\\/hurba.fr\\\/wp-content\\\/uploads\\\/2023\\\/01\\\/Barbara.jpg\",\"contentUrl\":\"https:\\\/\\\/hurba.fr\\\/wp-content\\\/uploads\\\/2023\\\/01\\\/Barbara.jpg\",\"width\":1210,\"height\":986},{\"@type\":\"BreadcrumbList\",\"@id\":\"https:\\\/\\\/hurba.fr\\\/fr\\\/2023\\\/01\\\/11\\\/lecoute-des-habitants-est-la-cle\\\/#breadcrumb\",\"itemListElement\":[{\"@type\":\"ListItem\",\"position\":1,\"name\":\"Home\",\"item\":\"https:\\\/\\\/hurba.fr\\\/fr\\\/\"},{\"@type\":\"ListItem\",\"position\":2,\"name\":\"\u00ab\u00a0L&rsquo;\u00e9coute des habitants est la cl\u00e9\u00a0\u00bb\"}]},{\"@type\":\"WebSite\",\"@id\":\"https:\\\/\\\/hurba.fr\\\/en\\\/#website\",\"url\":\"https:\\\/\\\/hurba.fr\\\/en\\\/\",\"name\":\"HURBA\",\"description\":\"Psychologie urbaine\",\"potentialAction\":[{\"@type\":\"SearchAction\",\"target\":{\"@type\":\"EntryPoint\",\"urlTemplate\":\"https:\\\/\\\/hurba.fr\\\/en\\\/?s={search_term_string}\"},\"query-input\":{\"@type\":\"PropertyValueSpecification\",\"valueRequired\":true,\"valueName\":\"search_term_string\"}}],\"inLanguage\":\"fr-FR\"},{\"@type\":\"Person\",\"@id\":\"https:\\\/\\\/hurba.fr\\\/en\\\/#\\\/schema\\\/person\\\/0d45517b0e6bbae9665e6d0e13b2d269\",\"name\":\"olivier@ovm-communication.fr\"}]}<\/script>\n<!-- \/ Yoast SEO Premium plugin. -->","yoast_head_json":{"title":"\"L'\u00e9coute des habitants est la cl\u00e9\" - HURBA","description":"Fondatrice d\u2019Hurba, premier cabinet de psychologie urbaine fran\u00e7ais en 2016, Barbara Attia a aussi souhait\u00e9 d\u00e9velopper un outil novateur, l\u2019Observatoire Sant\u00e9 et Qualit\u00e9 de Vie Urbaine. Test\u00e9 d\u00e9but 2022 sur un \u00e9chantillon de plus de 3 000 personnes, l\u2019Observatoire Sant\u00e9 et Qualit\u00e9 de Vie Urbaine aboutira \u00e0 un Label \u00ab Cit\u00e9 Heureuse \u00bb. Rencontre...","robots":{"index":"index","follow":"follow","max-snippet":"max-snippet:-1","max-image-preview":"max-image-preview:large","max-video-preview":"max-video-preview:-1"},"canonical":"https:\/\/hurba.fr\/fr\/2023\/01\/11\/lecoute-des-habitants-est-la-cle\/","og_locale":"fr_FR","og_type":"article","og_title":"\"L'\u00e9coute des habitants est la cl\u00e9\"","og_description":"Fondatrice d\u2019Hurba, premier cabinet de psychologie urbaine fran\u00e7ais en 2016, Barbara Attia a aussi souhait\u00e9 d\u00e9velopper un outil novateur, l\u2019Observatoire Sant\u00e9 et Qualit\u00e9 de Vie Urbaine. Test\u00e9 d\u00e9but 2022 sur un \u00e9chantillon de plus de 3 000 personnes, l\u2019Observatoire Sant\u00e9 et Qualit\u00e9 de Vie Urbaine aboutira \u00e0 un Label \u00ab Cit\u00e9 Heureuse \u00bb. Rencontre...","og_url":"https:\/\/hurba.fr\/fr\/2023\/01\/11\/lecoute-des-habitants-est-la-cle\/","og_site_name":"HURBA","article_published_time":"2023-01-11T11:59:18+00:00","article_modified_time":"2023-01-11T12:00:35+00:00","og_image":[{"width":1210,"height":986,"url":"https:\/\/hurba.fr\/wp-content\/uploads\/2023\/01\/Barbara.jpg","type":"image\/jpeg"}],"author":"olivier@ovm-communication.fr","twitter_card":"summary_large_image","twitter_misc":{"\u00c9crit par":"olivier@ovm-communication.fr","Dur\u00e9e de lecture estim\u00e9e":"1 minute"},"schema":{"@context":"https:\/\/schema.org","@graph":[{"@type":"Article","@id":"https:\/\/hurba.fr\/fr\/2023\/01\/11\/lecoute-des-habitants-est-la-cle\/#article","isPartOf":{"@id":"https:\/\/hurba.fr\/fr\/2023\/01\/11\/lecoute-des-habitants-est-la-cle\/"},"author":{"name":"olivier@ovm-communication.fr","@id":"https:\/\/hurba.fr\/en\/#\/schema\/person\/0d45517b0e6bbae9665e6d0e13b2d269"},"headline":"\u00ab\u00a0L&rsquo;\u00e9coute des habitants est la cl\u00e9\u00a0\u00bb","datePublished":"2023-01-11T11:59:18+00:00","dateModified":"2023-01-11T12:00:35+00:00","mainEntityOfPage":{"@id":"https:\/\/hurba.fr\/fr\/2023\/01\/11\/lecoute-des-habitants-est-la-cle\/"},"wordCount":192,"image":{"@id":"https:\/\/hurba.fr\/fr\/2023\/01\/11\/lecoute-des-habitants-est-la-cle\/#primaryimage"},"thumbnailUrl":"https:\/\/hurba.fr\/wp-content\/uploads\/2023\/01\/Barbara.jpg","articleSection":["Actualit\u00e9s"],"inLanguage":"fr-FR"},{"@type":"WebPage","@id":"https:\/\/hurba.fr\/fr\/2023\/01\/11\/lecoute-des-habitants-est-la-cle\/","url":"https:\/\/hurba.fr\/fr\/2023\/01\/11\/lecoute-des-habitants-est-la-cle\/","name":"\"L'\u00e9coute des habitants est la cl\u00e9\" - HURBA","isPartOf":{"@id":"https:\/\/hurba.fr\/en\/#website"},"primaryImageOfPage":{"@id":"https:\/\/hurba.fr\/fr\/2023\/01\/11\/lecoute-des-habitants-est-la-cle\/#primaryimage"},"image":{"@id":"https:\/\/hurba.fr\/fr\/2023\/01\/11\/lecoute-des-habitants-est-la-cle\/#primaryimage"},"thumbnailUrl":"https:\/\/hurba.fr\/wp-content\/uploads\/2023\/01\/Barbara.jpg","datePublished":"2023-01-11T11:59:18+00:00","dateModified":"2023-01-11T12:00:35+00:00","author":{"@id":"https:\/\/hurba.fr\/en\/#\/schema\/person\/0d45517b0e6bbae9665e6d0e13b2d269"},"description":"Fondatrice d\u2019Hurba, premier cabinet de psychologie urbaine fran\u00e7ais en 2016, Barbara Attia a aussi souhait\u00e9 d\u00e9velopper un outil novateur, l\u2019Observatoire Sant\u00e9 et Qualit\u00e9 de Vie Urbaine. Test\u00e9 d\u00e9but 2022 sur un \u00e9chantillon de plus de 3 000 personnes, l\u2019Observatoire Sant\u00e9 et Qualit\u00e9 de Vie Urbaine aboutira \u00e0 un Label \u00ab Cit\u00e9 Heureuse \u00bb. Rencontre...","breadcrumb":{"@id":"https:\/\/hurba.fr\/fr\/2023\/01\/11\/lecoute-des-habitants-est-la-cle\/#breadcrumb"},"inLanguage":"fr-FR","potentialAction":[{"@type":"ReadAction","target":["https:\/\/hurba.fr\/fr\/2023\/01\/11\/lecoute-des-habitants-est-la-cle\/"]}]},{"@type":"ImageObject","inLanguage":"fr-FR","@id":"https:\/\/hurba.fr\/fr\/2023\/01\/11\/lecoute-des-habitants-est-la-cle\/#primaryimage","url":"https:\/\/hurba.fr\/wp-content\/uploads\/2023\/01\/Barbara.jpg","contentUrl":"https:\/\/hurba.fr\/wp-content\/uploads\/2023\/01\/Barbara.jpg","width":1210,"height":986},{"@type":"BreadcrumbList","@id":"https:\/\/hurba.fr\/fr\/2023\/01\/11\/lecoute-des-habitants-est-la-cle\/#breadcrumb","itemListElement":[{"@type":"ListItem","position":1,"name":"Home","item":"https:\/\/hurba.fr\/fr\/"},{"@type":"ListItem","position":2,"name":"\u00ab\u00a0L&rsquo;\u00e9coute des habitants est la cl\u00e9\u00a0\u00bb"}]},{"@type":"WebSite","@id":"https:\/\/hurba.fr\/en\/#website","url":"https:\/\/hurba.fr\/en\/","name":"HURBA","description":"Psychologie urbaine","potentialAction":[{"@type":"SearchAction","target":{"@type":"EntryPoint","urlTemplate":"https:\/\/hurba.fr\/en\/?s={search_term_string}"},"query-input":{"@type":"PropertyValueSpecification","valueRequired":true,"valueName":"search_term_string"}}],"inLanguage":"fr-FR"},{"@type":"Person","@id":"https:\/\/hurba.fr\/en\/#\/schema\/person\/0d45517b0e6bbae9665e6d0e13b2d269","name":"olivier@ovm-communication.fr"}]}},"_links":{"self":[{"href":"https:\/\/hurba.fr\/fr\/wp-json\/wp\/v2\/posts\/17091","targetHints":{"allow":["GET"]}}],"collection":[{"href":"https:\/\/hurba.fr\/fr\/wp-json\/wp\/v2\/posts"}],"about":[{"href":"https:\/\/hurba.fr\/fr\/wp-json\/wp\/v2\/types\/post"}],"author":[{"embeddable":true,"href":"https:\/\/hurba.fr\/fr\/wp-json\/wp\/v2\/users\/1"}],"replies":[{"embeddable":true,"href":"https:\/\/hurba.fr\/fr\/wp-json\/wp\/v2\/comments?post=17091"}],"version-history":[{"count":0,"href":"https:\/\/hurba.fr\/fr\/wp-json\/wp\/v2\/posts\/17091\/revisions"}],"wp:featuredmedia":[{"embeddable":true,"href":"https:\/\/hurba.fr\/fr\/wp-json\/wp\/v2\/media\/17093"}],"wp:attachment":[{"href":"https:\/\/hurba.fr\/fr\/wp-json\/wp\/v2\/media?parent=17091"}],"wp:term":[{"taxonomy":"category","embeddable":true,"href":"https:\/\/hurba.fr\/fr\/wp-json\/wp\/v2\/categories?post=17091"},{"taxonomy":"post_tag","embeddable":true,"href":"https:\/\/hurba.fr\/fr\/wp-json\/wp\/v2\/tags?post=17091"}],"curies":[{"name":"wp","href":"https:\/\/api.w.org\/{rel}","templated":true}]}}